{"id":82596,"date":"2019-01-30T12:01:07","date_gmt":"2019-01-30T15:01:07","guid":{"rendered":"http:\/\/www.caririemacao.com\/1\/?p=82596"},"modified":"2019-01-30T12:01:10","modified_gmt":"2019-01-30T15:01:10","slug":"nao-cabe-a-ministro-aprovar-ou-censurar-decisoes-da-justica-diz-moro","status":"publish","type":"post","link":"https:\/\/www.caririemacao.com\/1\/2019\/01\/30\/nao-cabe-a-ministro-aprovar-ou-censurar-decisoes-da-justica-diz-moro\/","title":{"rendered":"N\u00e3o cabe a ministro aprovar ou censurar decis\u00f5es da Justi\u00e7a, diz Moro"},"content":{"rendered":"\n<p><br>O ministro da Justi\u00e7a e Seguran\u00e7a P\u00fablica, Sergio Moro, disse hoje (30) que n\u00e3o cabe a ministros de Estado comentar determina\u00e7\u00f5es judiciais. Segundo ele, decis\u00f5es da Justi\u00e7a t\u00eam de ser executadas.<\/p>\n\n\n\n<p>O ministro participa de cerim\u00f4nia de an\u00fancio das a\u00e7\u00f5es interministeriais para garantir o escoamento da safra de 2018\/2019.<\/p>\n\n\n\n<p>\u201cAs decis\u00f5es judiciais t\u00eam que ser cumpridas. T\u00eam que ser respeitadas\u201d, disse o ministro. \u201cN\u00e3o cabe a ministro do Poder Executivo aprovar ou censurar decis\u00e3o judicial. N\u00e3o \u00e9 o papel dele.\u201d<\/p>\n\n\n\n<figure class=\"wp-block-image\"><img decoding=\"async\" data-src=\"https:\/\/paraibaonline.com.br\/wp-content\/uploads\/2018\/11\/sergio-moro-1.jpg\" alt=\"Foto: Ag\u00eancia Brasil\" class=\"wp-image-527670 lazyload\" src=\"data:image\/svg+xml;base64,PHN2ZyB3aWR0aD0iMSIgaGVpZ2h0PSIxIiB4bWxucz0iaHR0cDovL3d3dy53My5vcmcvMjAwMC9zdmciPjwvc3ZnPg==\" \/><\/figure>\n\n\n\n<p>Foto: Ag\u00eancia Brasil<\/p>\n\n\n\n<p>Moro se referiu \u00e0&nbsp;decis\u00e3o da ju\u00edza federal Carolina Lebbos, da 12\u00aa Vara Criminal em Curitiba, que negou o pedido do ex-presidente Luiz In\u00e1cio Lula da Silva de deixar a cela da Superintend\u00eancia da Pol\u00edcia Federal, na capital paranaense, para ir ao enterro do irm\u00e3o Genival In\u00e1cio da Silva, conhecido como Vav\u00e1, que morreu ontem (29), em decorr\u00eancia de um c\u00e2ncer no pulm\u00e3o.<\/p>\n\n\n\n<p>O ministro, que \u00e9 ex-juiz federal, foi questionado se o veto ao pedido da defesa de Lula fere a legisla\u00e7\u00e3o, Moro se limitou a balan\u00e7ar o dedo, sugerindo \u201cn\u00e3o\u201d. O gesto, no entanto, tamb\u00e9m podia representar sua recusa em comentar a decis\u00e3o.<\/p>\n\n\n\n<p>Este foi o segundo pedido da defesa do ex-presidente para comparecer a um enterro negado pela Justi\u00e7a. Em dezembro de 2018, Lula tamb\u00e9m foi impedido de ir ao sepultamento do ex-deputado petista Sigmaringa Seixas (DF).<\/p>\n\n\n\n<p>Ag\u00eanciaBrasil<\/p>\n","protected":false},"excerpt":{"rendered":"<p>O ministro da Justi\u00e7a e Seguran\u00e7a P\u00fablica, Sergio Moro, disse hoje (30) que n\u00e3o cabe a ministros de Estado comentar determina\u00e7\u00f5es judiciais. Segundo ele, decis\u00f5es&hellip; <\/p>\n","protected":false},"author":1,"featured_media":70648,"comment_status":"closed","ping_status":"closed","sticky":false,"template":"","format":"standard","meta":{"sfsi_plus_gutenberg_text_before_share":"","sfsi_plus_gutenberg_show_text_before_share":"","sfsi_plus_gutenberg_icon_type":"","sfsi_plus_gutenberg_icon_alignemt":"","sfsi_plus_gutenburg_max_per_row":"","footnotes":""},"categories":[11],"tags":[],"class_list":["post-82596","post","type-post","status-publish","format-standard","has-post-thumbnail","hentry","category-politica"],"_links":{"self":[{"href":"https:\/\/www.caririemacao.com\/1\/wp-json\/wp\/v2\/posts\/82596","targetHints":{"allow":["GET"]}}],"collection":[{"href":"https:\/\/www.caririemacao.com\/1\/wp-json\/wp\/v2\/posts"}],"about":[{"href":"https:\/\/www.caririemacao.com\/1\/wp-json\/wp\/v2\/types\/post"}],"author":[{"embeddable":true,"href":"https:\/\/www.caririemacao.com\/1\/wp-json\/wp\/v2\/users\/1"}],"replies":[{"embeddable":true,"href":"https:\/\/www.caririemacao.com\/1\/wp-json\/wp\/v2\/comments?post=82596"}],"version-history":[{"count":1,"href":"https:\/\/www.caririemacao.com\/1\/wp-json\/wp\/v2\/posts\/82596\/revisions"}],"predecessor-version":[{"id":82597,"href":"https:\/\/www.caririemacao.com\/1\/wp-json\/wp\/v2\/posts\/82596\/revisions\/82597"}],"wp:featuredmedia":[{"embeddable":true,"href":"https:\/\/www.caririemacao.com\/1\/wp-json\/wp\/v2\/media\/70648"}],"wp:attachment":[{"href":"https:\/\/www.caririemacao.com\/1\/wp-json\/wp\/v2\/media?parent=82596"}],"wp:term":[{"taxonomy":"category","embeddable":true,"href":"https:\/\/www.caririemacao.com\/1\/wp-json\/wp\/v2\/categories?post=82596"},{"taxonomy":"post_tag","embeddable":true,"href":"https:\/\/www.caririemacao.com\/1\/wp-json\/wp\/v2\/tags?post=82596"}],"curies":[{"name":"wp","href":"https:\/\/api.w.org\/{rel}","templated":true}]}}