{"id":82606,"date":"2019-01-30T12:56:04","date_gmt":"2019-01-30T15:56:04","guid":{"rendered":"http:\/\/www.caririemacao.com\/1\/?p=82606"},"modified":"2019-01-30T12:58:42","modified_gmt":"2019-01-30T15:58:42","slug":"camara-de-sao-joao-do-cariri-solicita-permanencia-do-detran-na-cidade","status":"publish","type":"post","link":"https:\/\/www.caririemacao.com\/1\/2019\/01\/30\/camara-de-sao-joao-do-cariri-solicita-permanencia-do-detran-na-cidade\/","title":{"rendered":"C\u00e2mara de S\u00e3o Jo\u00e3o do Cariri solicita perman\u00eancia do Detran na cidade"},"content":{"rendered":"\n<p>O presidente da C\u00e2mara de S\u00e3o Jo\u00e3o do Cariri, Alberto Gaud\u00eancio, acompanhado do vereador Romero e do suplente de vereador Francisco J\u00fanior, estiveram nesta quarta-feira, dia 30, no Pal\u00e1cio da Reden\u00e7\u00e3o, na capital Jo\u00e3o Pessoa, pedindo a perman\u00eancia do Posto do Detran em S\u00e3o Jo\u00e3o do Cariri.<\/p>\n\n\n\n<figure class=\"wp-block-image\"><img fetchpriority=\"high\" decoding=\"async\" width=\"960\" height=\"540\" src=\"http:\/\/www.caririemacao.com\/1\/wp-content\/uploads\/2019\/01\/50850123_1900307536757933_6783054254438350848_n.jpg\" alt=\"\" class=\"wp-image-82609\" srcset=\"https:\/\/www.caririemacao.com\/1\/wp-content\/uploads\/2019\/01\/50850123_1900307536757933_6783054254438350848_n.jpg 960w, https:\/\/www.caririemacao.com\/1\/wp-content\/uploads\/2019\/01\/50850123_1900307536757933_6783054254438350848_n-300x169.jpg 300w, https:\/\/www.caririemacao.com\/1\/wp-content\/uploads\/2019\/01\/50850123_1900307536757933_6783054254438350848_n-768x432.jpg 768w\" sizes=\"(max-width: 960px) 100vw, 960px\" \/><\/figure>\n\n\n\n<p>Na ocasi\u00e3o, Beto Gaud\u00eancio, entregou um abaixo assinado da popula\u00e7\u00e3o s\u00e3o-joanense pedindo que o Detran de S\u00e3o Jo\u00e3o do Cariri continue com suas atividades normais no munic\u00edpio.<\/p>\n\n\n\n<figure class=\"wp-block-image\"><img decoding=\"async\" width=\"540\" height=\"960\" data-src=\"http:\/\/www.caririemacao.com\/1\/wp-content\/uploads\/2019\/01\/51290645_1900307466757940_1983714041037586432_n.jpg\" alt=\"\" class=\"wp-image-82610 lazyload\" data-srcset=\"https:\/\/www.caririemacao.com\/1\/wp-content\/uploads\/2019\/01\/51290645_1900307466757940_1983714041037586432_n.jpg 540w, https:\/\/www.caririemacao.com\/1\/wp-content\/uploads\/2019\/01\/51290645_1900307466757940_1983714041037586432_n-169x300.jpg 169w\" data-sizes=\"(max-width: 540px) 100vw, 540px\" src=\"data:image\/svg+xml;base64,PHN2ZyB3aWR0aD0iMSIgaGVpZ2h0PSIxIiB4bWxucz0iaHR0cDovL3d3dy53My5vcmcvMjAwMC9zdmciPjwvc3ZnPg==\" style=\"--smush-placeholder-width: 540px; --smush-placeholder-aspect-ratio: 540\/960;\" \/><\/figure>\n\n\n\n<p>Na visita, ainda constou o pedido para que o governador Jo\u00e3o Azevedo receba uma comiss\u00e3o supratid\u00e1ria para tratar sobre o tema em quest\u00e3o. &nbsp;&nbsp;<\/p>\n","protected":false},"excerpt":{"rendered":"<p>O presidente da C\u00e2mara de S\u00e3o Jo\u00e3o do Cariri, Alberto Gaud\u00eancio, acompanhado do vereador Romero e do suplente de vereador Francisco J\u00fanior, estiveram nesta quarta-feira,&hellip; <\/p>\n","protected":false},"author":2,"featured_media":82608,"comment_status":"closed","ping_status":"closed","sticky":false,"template":"","format":"standard","meta":{"sfsi_plus_gutenberg_text_before_share":"","sfsi_plus_gutenberg_show_text_before_share":"","sfsi_plus_gutenberg_icon_type":"","sfsi_plus_gutenberg_icon_alignemt":"","sfsi_plus_gutenburg_max_per_row":"","footnotes":""},"categories":[50,11],"tags":[],"class_list":["post-82606","post","type-post","status-publish","format-standard","has-post-thumbnail","hentry","category-destaque","category-politica"],"_links":{"self":[{"href":"https:\/\/www.caririemacao.com\/1\/wp-json\/wp\/v2\/posts\/82606","targetHints":{"allow":["GET"]}}],"collection":[{"href":"https:\/\/www.caririemacao.com\/1\/wp-json\/wp\/v2\/posts"}],"about":[{"href":"https:\/\/www.caririemacao.com\/1\/wp-json\/wp\/v2\/types\/post"}],"author":[{"embeddable":true,"href":"https:\/\/www.caririemacao.com\/1\/wp-json\/wp\/v2\/users\/2"}],"replies":[{"embeddable":true,"href":"https:\/\/www.caririemacao.com\/1\/wp-json\/wp\/v2\/comments?post=82606"}],"version-history":[{"count":2,"href":"https:\/\/www.caririemacao.com\/1\/wp-json\/wp\/v2\/posts\/82606\/revisions"}],"predecessor-version":[{"id":82612,"href":"https:\/\/www.caririemacao.com\/1\/wp-json\/wp\/v2\/posts\/82606\/revisions\/82612"}],"wp:featuredmedia":[{"embeddable":true,"href":"https:\/\/www.caririemacao.com\/1\/wp-json\/wp\/v2\/media\/82608"}],"wp:attachment":[{"href":"https:\/\/www.caririemacao.com\/1\/wp-json\/wp\/v2\/media?parent=82606"}],"wp:term":[{"taxonomy":"category","embeddable":true,"href":"https:\/\/www.caririemacao.com\/1\/wp-json\/wp\/v2\/categories?post=82606"},{"taxonomy":"post_tag","embeddable":true,"href":"https:\/\/www.caririemacao.com\/1\/wp-json\/wp\/v2\/tags?post=82606"}],"curies":[{"name":"wp","href":"https:\/\/api.w.org\/{rel}","templated":true}]}}