{"id":82617,"date":"2019-01-30T15:28:41","date_gmt":"2019-01-30T18:28:41","guid":{"rendered":"http:\/\/www.caririemacao.com\/1\/?p=82617"},"modified":"2019-01-30T15:28:43","modified_gmt":"2019-01-30T18:28:43","slug":"lula-desiste-de-encontrar-parentes-apos-perder-enterro-do-irmao","status":"publish","type":"post","link":"https:\/\/www.caririemacao.com\/1\/2019\/01\/30\/lula-desiste-de-encontrar-parentes-apos-perder-enterro-do-irmao\/","title":{"rendered":"Lula desiste de encontrar parentes, ap\u00f3s perder enterro do irm\u00e3o"},"content":{"rendered":"\n<p><br>O ex-presidente Luiz In\u00e1cio Lula da Silva n\u00e3o ir\u00e1 a S\u00e3o Bernardo do Campo (SP) para encontrar a fam\u00edlia hoje (30), segundo o deputado federal Paulo Pimenta (PT-RS).<\/p>\n\n\n\n<p>No in\u00edcio da tarde, o presidente do Supremo Tribunal Federal (STF), ministro Dias Toffoli, concedeu autoriza\u00e7\u00e3o para Lula deixar a pris\u00e3o e se encontrar com parentes em raz\u00e3o do vel\u00f3rio e enterro do corpo do irm\u00e3o dele, Genival In\u00e1cio da Silva, conhecido como Vav\u00e1. Ele morreu ontem (29) devido a complica\u00e7\u00f5es de um c\u00e2ncer de pulm\u00e3o.<\/p>\n\n\n\n<p>Pela decis\u00e3o de Toffoli, Lula poderia se encontrar exclusivamente com parentes em uma unidade militar e foi proibido de usar celulares ou dar declara\u00e7\u00f5es p\u00fablicas e entrevistas \u00e0 imprensa.<\/p>\n\n\n\n<p>A liminar foi proferida cerca de 30 minutos antes do sepultamento do corpo, que ocorreu por volta das 13h, no Cemit\u00e9rio Pauliceia, em S\u00e3o Bernardo do Campo (SP).<\/p>\n\n\n\n<p>Pelo Twitter, o deputado federal Paulo Pimenta (PT-RS), l\u00edder do partido na C\u00e2mara, disse que Lula decidiu n\u00e3o ir mais por n\u00e3o ter \u201cmotivos para se encontrar \u00e0s escondidas com a fam\u00edlia como se isso fosse um favor do MPF e do Judici\u00e1rio da turma da Lava Jato\u201d.<\/p>\n\n\n\n<figure class=\"wp-block-image\"><img decoding=\"async\" data-src=\"https:\/\/paraibaonline.com.br\/wp-content\/uploads\/2018\/01\/destaque-361005-pp_ex-presidente-lula-fala-com-jornalistas-apos-prestar-depoimento-na-policia-federal_201603040009.jpg\" alt=\"Foto: Fotos P\u00fablicas\" class=\"wp-image-242784 lazyload\" src=\"data:image\/svg+xml;base64,PHN2ZyB3aWR0aD0iMSIgaGVpZ2h0PSIxIiB4bWxucz0iaHR0cDovL3d3dy53My5vcmcvMjAwMC9zdmciPjwvc3ZnPg==\" \/><\/figure>\n\n\n\n<p>Foto: Fotos P\u00fablicas<\/p>\n\n\n\n<p>Lula est\u00e1 preso desde 7 de abril do ano passado por ter a condena\u00e7\u00e3o no caso confirmada pelo TRF4, que imp\u00f4s pena de 12 anos e um m\u00eas de pris\u00e3o pelos crimes de corrup\u00e7\u00e3o passiva e lavagem de dinheiro no caso do triplex do Guaruj\u00e1 (SP).<\/p>\n\n\n\n<p>Os advogados de Lula alegaram que a Lei de Execu\u00e7\u00e3o Penal (LEP) prev\u00ea que presos possam deixar as unidades para comparecer ao vel\u00f3rio de um parente pr\u00f3ximo.<\/p>\n\n\n\n<p>A defesa do ex-presidente recorreu ao STF depois que a ju\u00edza federal Carolina Lebbos, da 12\u00aa Vara Criminal em Curitiba, rejeitou o mesmo pedido, na madrugada de hoje.<\/p>\n\n\n\n<p>A decis\u00e3o foi confirmada pelo desembargador federal Leandro Paulsen, do Tribunal Regional Federal (4\u00aa Regi\u00e3o).<\/p>\n\n\n\n<p>No despacho, a ju\u00edza entendeu que a decis\u00e3o final era da Pol\u00edcia Federal (PF), que alegou dificuldades log\u00edsticas para realizar a viagem e tamb\u00e9m argumentou que a presen\u00e7a do ex-presidente poderia tumultuar a ordem p\u00fablica, em raz\u00e3o de manifesta\u00e7\u00f5es de simpatizantes.<\/p>\n","protected":false},"excerpt":{"rendered":"<p>O ex-presidente Luiz In\u00e1cio Lula da Silva n\u00e3o ir\u00e1 a S\u00e3o Bernardo do Campo (SP) para encontrar a fam\u00edlia hoje (30), segundo o deputado federal&hellip; <\/p>\n","protected":false},"author":1,"featured_media":77383,"comment_status":"closed","ping_status":"closed","sticky":false,"template":"","format":"standard","meta":{"sfsi_plus_gutenberg_text_before_share":"","sfsi_plus_gutenberg_show_text_before_share":"","sfsi_plus_gutenberg_icon_type":"","sfsi_plus_gutenberg_icon_alignemt":"","sfsi_plus_gutenburg_max_per_row":"","footnotes":""},"categories":[11],"tags":[],"class_list":["post-82617","post","type-post","status-publish","format-standard","has-post-thumbnail","hentry","category-politica"],"_links":{"self":[{"href":"https:\/\/www.caririemacao.com\/1\/wp-json\/wp\/v2\/posts\/82617","targetHints":{"allow":["GET"]}}],"collection":[{"href":"https:\/\/www.caririemacao.com\/1\/wp-json\/wp\/v2\/posts"}],"about":[{"href":"https:\/\/www.caririemacao.com\/1\/wp-json\/wp\/v2\/types\/post"}],"author":[{"embeddable":true,"href":"https:\/\/www.caririemacao.com\/1\/wp-json\/wp\/v2\/users\/1"}],"replies":[{"embeddable":true,"href":"https:\/\/www.caririemacao.com\/1\/wp-json\/wp\/v2\/comments?post=82617"}],"version-history":[{"count":1,"href":"https:\/\/www.caririemacao.com\/1\/wp-json\/wp\/v2\/posts\/82617\/revisions"}],"predecessor-version":[{"id":82618,"href":"https:\/\/www.caririemacao.com\/1\/wp-json\/wp\/v2\/posts\/82617\/revisions\/82618"}],"wp:featuredmedia":[{"embeddable":true,"href":"https:\/\/www.caririemacao.com\/1\/wp-json\/wp\/v2\/media\/77383"}],"wp:attachment":[{"href":"https:\/\/www.caririemacao.com\/1\/wp-json\/wp\/v2\/media?parent=82617"}],"wp:term":[{"taxonomy":"category","embeddable":true,"href":"https:\/\/www.caririemacao.com\/1\/wp-json\/wp\/v2\/categories?post=82617"},{"taxonomy":"post_tag","embeddable":true,"href":"https:\/\/www.caririemacao.com\/1\/wp-json\/wp\/v2\/tags?post=82617"}],"curies":[{"name":"wp","href":"https:\/\/api.w.org\/{rel}","templated":true}]}}