{"id":82624,"date":"2019-01-30T17:24:01","date_gmt":"2019-01-30T20:24:01","guid":{"rendered":"http:\/\/www.caririemacao.com\/1\/?p=82624"},"modified":"2019-01-30T17:24:05","modified_gmt":"2019-01-30T20:24:05","slug":"detran-camara-de-sao-joao-do-cariri-oficializa-pedido-de-audiencia-com-joao-azevedo","status":"publish","type":"post","link":"https:\/\/www.caririemacao.com\/1\/2019\/01\/30\/detran-camara-de-sao-joao-do-cariri-oficializa-pedido-de-audiencia-com-joao-azevedo\/","title":{"rendered":"DETRAN: C\u00e2mara de S\u00e3o Jo\u00e3o do Cariri oficializa pedido de audi\u00eancia com Jo\u00e3o Azev\u00eado"},"content":{"rendered":"\n<p>Na manh\u00e3 desta quarta-feira(30), vereadores do munic\u00edpio de S\u00e3o Jo\u00e3o do Cariri, estiveram protocolando junto ao Pal\u00e1cio da Reden\u00e7\u00e3o em Jo\u00e3o Pessoa, um pedido atrav\u00e9s de of\u00edcios e abaixo-assinado, solicitando ao governador da Para\u00edba, Jo\u00e3o Azev\u00eado, uma audi\u00eancia com lideran\u00e7as pol\u00edticas da cidade \u2018M\u00e3e do Cariri\u2019.<\/p>\n\n\n\n<p>O encontro com Jo\u00e3o Azev\u00eado seria para tratar sobre os assuntos relacionados a desativa\u00e7\u00e3o do posto do Detran, que h\u00e1 16 anos funcionava no munic\u00edpio. Na oportunidade, o presidente da c\u00e2mara municipal Beto Gaud\u00eancio esteve oficializando o pedido da audi\u00eancia juntamente com o vereador Romero Ramos e o ex-presidente da c\u00e2mara e suplente de vereador, Francisco J\u00fanior.<\/p>\n\n\n\n<p>\u201cEsperamos contar com sua sensibilidade do governador Jo\u00e3o Azev\u00eado para o mais breve poss\u00edvel ele possa receber uma comiss\u00e3o de lideran\u00e7as do nosso munic\u00edpio, al\u00e9m de v\u00e1rias lideran\u00e7as de munic\u00edpios circunvizinhos que est\u00e3o engajados nesta luta, de trazer este servi\u00e7o, que se tornou um patrim\u00f4nio da nossa cidade e da nossa regi\u00e3o\u201d, frisou o presidente da c\u00e2mara, Beto Gaud\u00eancio.<\/p>\n\n\n\n<div class=\"wp-block-image\"><figure class=\"alignleft\"><img decoding=\"async\" data-src=\"http:\/\/deolhonocariri.com.br\/wp-content\/uploads\/2019\/01\/51556330_1900307656757921_5271305141536948224_n.jpg\" alt=\"\" class=\"wp-image-62294 lazyload\" src=\"data:image\/svg+xml;base64,PHN2ZyB3aWR0aD0iMSIgaGVpZ2h0PSIxIiB4bWxucz0iaHR0cDovL3d3dy53My5vcmcvMjAwMC9zdmciPjwvc3ZnPg==\" \/><\/figure><\/div>\n\n\n\n<p>Na tentativa de deixar mais acess\u00edvel e ajudar os clientes e popula\u00e7\u00e3o nos pagamentos de taxas de servi\u00e7os, dep\u00f3sitos, recebimentos de boletos e taxas banc\u00e1rias, a c\u00e2mara legislativa municipal atrav\u00e9s do presidente Beto Gaud\u00eancio, tamb\u00e9m aproveitou a viajem para encaminhar um of\u00edcio a Superintend\u00eancia Regional dos Correios da Para\u00edba, solicitando ao superintendente Alfredo Fernando Filho, o melhoramento dos servi\u00e7os da unidade dos Correios e Tel\u00e9grafos em S\u00e3o Jo\u00e3o do Cariri. Possibilitando o aumento dos atendimentos di\u00e1rios, e nas taxas de valor, para pagamento de boletos e dep\u00f3sitos, beneficiando assim, aos clientes e toda a popula\u00e7\u00e3o.<\/p>\n\n\n\n<p><strong>FOR\u00c7A ESTADUAL<\/strong><\/p>\n\n\n\n<p>Al\u00e9m da uni\u00e3o das for\u00e7as pol\u00edticas de S\u00e3o Jo\u00e3o do Cariri e cidades vizinhas, a tentativa da volta da unidade do posto do Detran de S\u00e3o Jo\u00e3o do Cariri est\u00e1 ganhando a uni\u00e3o de for\u00e7as pol\u00edticas de deputados aliados a base governista de Jo\u00e3o Az\u00eavedo.<\/p>\n\n\n\n<p>Os deputados estaduais Doda de Ti\u00e3o e Buba Germano tamb\u00e9m encaminharam oficio ao gabinete do governador Jo\u00e3o Azev\u00eado, justificando que o funcionamento do posto do Detran em S\u00e3o Jo\u00e3o do Cariri n\u00e3o acarreta despesas para o Governo do Estado. E que a unidade do Detran, se tornou de fundamental import\u00e2ncia para a cidade e para o desenvolvimento econ\u00f4mico da popula\u00e7\u00e3o local.<\/p>\n\n\n\n<p>A Prefeitura de S\u00e3o do Cariri, atrav\u00e9s do prefeito Cosme, j\u00e1 se disp\u00f4s a colocar funcion\u00e1rios do munic\u00edpio para atender no Posto do Detran, tirando a despesas de funcion\u00e1rios do Governo do Estado.<\/p>\n\n\n\n<p>A popula\u00e7\u00e3o de S\u00e3o Jo\u00e3o do Cariri juntamente com \u00f3rg\u00e3os p\u00fablicos e religiosos, assinaram um pedido de manifesto atrav\u00e9s de abaixo-assinado, na qual foi protocolada junto ao pedido de audi\u00eancia com o governador sobre a retirada do servi\u00e7o do Detran do munic\u00edpio.<\/p>\n\n\n\n<p>De Olho no Cariri <\/p>\n","protected":false},"excerpt":{"rendered":"<p>Na manh\u00e3 desta quarta-feira(30), vereadores do munic\u00edpio de S\u00e3o Jo\u00e3o do Cariri, estiveram protocolando junto ao Pal\u00e1cio da Reden\u00e7\u00e3o em Jo\u00e3o Pessoa, um pedido atrav\u00e9s&hellip; <\/p>\n","protected":false},"author":1,"featured_media":82625,"comment_status":"closed","ping_status":"closed","sticky":false,"template":"","format":"standard","meta":{"sfsi_plus_gutenberg_text_before_share":"","sfsi_plus_gutenberg_show_text_before_share":"","sfsi_plus_gutenberg_icon_type":"","sfsi_plus_gutenberg_icon_alignemt":"","sfsi_plus_gutenburg_max_per_row":"","footnotes":""},"categories":[2],"tags":[],"class_list":["post-82624","post","type-post","status-publish","format-standard","has-post-thumbnail","hentry","category-geral"],"_links":{"self":[{"href":"https:\/\/www.caririemacao.com\/1\/wp-json\/wp\/v2\/posts\/82624","targetHints":{"allow":["GET"]}}],"collection":[{"href":"https:\/\/www.caririemacao.com\/1\/wp-json\/wp\/v2\/posts"}],"about":[{"href":"https:\/\/www.caririemacao.com\/1\/wp-json\/wp\/v2\/types\/post"}],"author":[{"embeddable":true,"href":"https:\/\/www.caririemacao.com\/1\/wp-json\/wp\/v2\/users\/1"}],"replies":[{"embeddable":true,"href":"https:\/\/www.caririemacao.com\/1\/wp-json\/wp\/v2\/comments?post=82624"}],"version-history":[{"count":1,"href":"https:\/\/www.caririemacao.com\/1\/wp-json\/wp\/v2\/posts\/82624\/revisions"}],"predecessor-version":[{"id":82626,"href":"https:\/\/www.caririemacao.com\/1\/wp-json\/wp\/v2\/posts\/82624\/revisions\/82626"}],"wp:featuredmedia":[{"embeddable":true,"href":"https:\/\/www.caririemacao.com\/1\/wp-json\/wp\/v2\/media\/82625"}],"wp:attachment":[{"href":"https:\/\/www.caririemacao.com\/1\/wp-json\/wp\/v2\/media?parent=82624"}],"wp:term":[{"taxonomy":"category","embeddable":true,"href":"https:\/\/www.caririemacao.com\/1\/wp-json\/wp\/v2\/categories?post=82624"},{"taxonomy":"post_tag","embeddable":true,"href":"https:\/\/www.caririemacao.com\/1\/wp-json\/wp\/v2\/tags?post=82624"}],"curies":[{"name":"wp","href":"https:\/\/api.w.org\/{rel}","templated":true}]}}