{"id":82627,"date":"2019-01-30T17:29:28","date_gmt":"2019-01-30T20:29:28","guid":{"rendered":"http:\/\/www.caririemacao.com\/1\/?p=82627"},"modified":"2019-01-30T17:29:31","modified_gmt":"2019-01-30T20:29:31","slug":"embasa-tem-previsao-de-concurso-publico-com-879-vagas","status":"publish","type":"post","link":"https:\/\/www.caririemacao.com\/1\/2019\/01\/30\/embasa-tem-previsao-de-concurso-publico-com-879-vagas\/","title":{"rendered":"Embasa tem previs\u00e3o de concurso p\u00fablico com 879 vagas"},"content":{"rendered":"\n<p>A Empresa Baiana de \u00c1guas e Saneamento (Embasa) deve abrir concurso com 879 vagas. Na Lei Or\u00e7ament\u00e1ria Anual (LOA) da Bahia, sancionada pelo governador Rui Costa, as vagas s\u00e3o citadas como \u201cconcurso a realizar\u201d.<\/p>\n\n\n\n<p>Ainda n\u00e3o h\u00e1 previs\u00e3o de lan\u00e7amento do edital e abertura de inscri\u00e7\u00f5es. No concurso de 2017, foram oferecidas 600 vagas e sal\u00e1rios entre R$ 1.122,84 e R$ 6.793,31.<\/p>\n","protected":false},"excerpt":{"rendered":"<p>A Empresa Baiana de \u00c1guas e Saneamento (Embasa) deve abrir concurso com 879 vagas. Na Lei Or\u00e7ament\u00e1ria Anual (LOA) da Bahia, sancionada pelo governador Rui&hellip; <\/p>\n","protected":false},"author":1,"featured_media":82628,"comment_status":"closed","ping_status":"closed","sticky":false,"template":"","format":"standard","meta":{"sfsi_plus_gutenberg_text_before_share":"","sfsi_plus_gutenberg_show_text_before_share":"","sfsi_plus_gutenberg_icon_type":"","sfsi_plus_gutenberg_icon_alignemt":"","sfsi_plus_gutenburg_max_per_row":"","footnotes":""},"categories":[2],"tags":[],"class_list":["post-82627","post","type-post","status-publish","format-standard","has-post-thumbnail","hentry","category-geral"],"_links":{"self":[{"href":"https:\/\/www.caririemacao.com\/1\/wp-json\/wp\/v2\/posts\/82627","targetHints":{"allow":["GET"]}}],"collection":[{"href":"https:\/\/www.caririemacao.com\/1\/wp-json\/wp\/v2\/posts"}],"about":[{"href":"https:\/\/www.caririemacao.com\/1\/wp-json\/wp\/v2\/types\/post"}],"author":[{"embeddable":true,"href":"https:\/\/www.caririemacao.com\/1\/wp-json\/wp\/v2\/users\/1"}],"replies":[{"embeddable":true,"href":"https:\/\/www.caririemacao.com\/1\/wp-json\/wp\/v2\/comments?post=82627"}],"version-history":[{"count":1,"href":"https:\/\/www.caririemacao.com\/1\/wp-json\/wp\/v2\/posts\/82627\/revisions"}],"predecessor-version":[{"id":82629,"href":"https:\/\/www.caririemacao.com\/1\/wp-json\/wp\/v2\/posts\/82627\/revisions\/82629"}],"wp:featuredmedia":[{"embeddable":true,"href":"https:\/\/www.caririemacao.com\/1\/wp-json\/wp\/v2\/media\/82628"}],"wp:attachment":[{"href":"https:\/\/www.caririemacao.com\/1\/wp-json\/wp\/v2\/media?parent=82627"}],"wp:term":[{"taxonomy":"category","embeddable":true,"href":"https:\/\/www.caririemacao.com\/1\/wp-json\/wp\/v2\/categories?post=82627"},{"taxonomy":"post_tag","embeddable":true,"href":"https:\/\/www.caririemacao.com\/1\/wp-json\/wp\/v2\/tags?post=82627"}],"curies":[{"name":"wp","href":"https:\/\/api.w.org\/{rel}","templated":true}]}}