{"id":82634,"date":"2019-01-30T21:00:10","date_gmt":"2019-01-31T00:00:10","guid":{"rendered":"http:\/\/www.caririemacao.com\/1\/?p=82634"},"modified":"2019-01-30T21:00:15","modified_gmt":"2019-01-31T00:00:15","slug":"prefeita-anna-lorena-se-reune-com-presidentes-de-associacoes-rurais","status":"publish","type":"post","link":"https:\/\/www.caririemacao.com\/1\/2019\/01\/30\/prefeita-anna-lorena-se-reune-com-presidentes-de-associacoes-rurais\/","title":{"rendered":"Prefeita Anna Lorena se re\u00fane com presidentes de associa\u00e7\u00f5es rurais"},"content":{"rendered":"\n<p>&nbsp;A Prefeita do Munic\u00edpio de Monteiro promoveu na manh\u00e3 desta ter\u00e7a-feira, 29, uma reuni\u00e3o com os presidentes das associa\u00e7\u00f5es rurais, juntamente com o Conselho Municipal de Desenvolvimento Rural Sustent\u00e1vel \u2013 CMDRS, secret\u00e1rios municipais e vereadores.<\/p>\n\n\n\n<p>A reuni\u00e3o aconteceu no Centro de Gastronomia onde foi apresentado o projeto que leva a Prefeitura \u00e0s comunidades rurais pela gestora do munic\u00edpio que contou que a concep\u00e7\u00e3o desta a\u00e7\u00e3o se deu no ano de 2018 onde a equipe de governo conseguiu percorrer algumas associa\u00e7\u00f5es, e neste ano j\u00e1 foram iniciados os trabalhos, a exemplo de Alagoa Grande, oportunidade que houve uma grande participa\u00e7\u00e3o, completando: \u201cVamos dialogar com voc\u00eas, fazendo uma esp\u00e9cie de Or\u00e7amento Democr\u00e1tico, esse momento tem em vista atender o maior n\u00famero de comunidades poss\u00edveis, para que possamos organizar as caravanas\u201d.<\/p>\n\n\n\n<div class=\"wp-block-image\"><figure class=\"alignright\"><img decoding=\"async\" data-src=\"http:\/\/www.vitrinedocariri.com.br\/wp-content\/uploads\/2019\/01\/Reuni%C3%A3o-Associa%C3%A7%C3%B5es02-300x200.jpg\" alt=\"\" class=\"wp-image-34129 lazyload\" src=\"data:image\/svg+xml;base64,PHN2ZyB3aWR0aD0iMSIgaGVpZ2h0PSIxIiB4bWxucz0iaHR0cDovL3d3dy53My5vcmcvMjAwMC9zdmciPjwvc3ZnPg==\" style=\"--smush-placeholder-width: 300px; --smush-placeholder-aspect-ratio: 300\/200;\" \/><\/figure><\/div>\n\n\n\n<p>Anna Lorena ainda falou sobre o cronograma de visitas. \u201cNas segundas e \u00faltimas quartas do m\u00eas estaremos deslocando toda nossa equipe para as comunidades \u00e9 uma forma de incentivar inclusive as pessoas que n\u00e3o participam das associa\u00e7\u00f5es, mostrando a import\u00e2ncia da parceria com a Prefeitura. Sempre haver\u00e1 um representante de cada secretaria, recebendo as demandas e de imediato dando uma resposta, gerando esta aproxima\u00e7\u00e3o que precisamos ter com essa comunidade. O intervalo de 15 dias ser\u00e1 para resolver as demandas da sess\u00e3o e assim partir para a comunidade seguinte. As demandas ser\u00e3o recolhidas por Clemilda, secret\u00e1ria executiva do projeto, onde a mesma cobrar\u00e1 e acompanhar\u00e1 as solu\u00e7\u00f5es das demandas. \u201cEstaremos junto a voc\u00eas realizando os trabalhos de acordo com nossas possibilidades, mas fazendo o maior esfor\u00e7o para sempre atender todos, e quando n\u00e3o houver, batalhar por isso\u201d, afirmou a prefeita Anna Lorena.<\/p>\n\n\n\n<div class=\"wp-block-image\"><figure class=\"alignleft\"><img decoding=\"async\" data-src=\"http:\/\/www.vitrinedocariri.com.br\/wp-content\/uploads\/2019\/01\/Reuni%C3%A3o-Associa%C3%A7%C3%B5es06-300x200.jpg\" alt=\"\" class=\"wp-image-34130 lazyload\" src=\"data:image\/svg+xml;base64,PHN2ZyB3aWR0aD0iMSIgaGVpZ2h0PSIxIiB4bWxucz0iaHR0cDovL3d3dy53My5vcmcvMjAwMC9zdmciPjwvc3ZnPg==\" style=\"--smush-placeholder-width: 300px; --smush-placeholder-aspect-ratio: 300\/200;\" \/><\/figure><\/div>\n\n\n\n<p>Na oportunidade, o vice-prefeito Celecileno Alves tamb\u00e9m fez quest\u00e3o de pontuar que a finalidade da prefeitura com este projeto \u00e9 unir e definir as prioridades para as comunidades beneficiando sempre a popula\u00e7\u00e3o. \u201cVamos olhar com carinho para todos os monteirenses prezando sempre pela sinceridade em rela\u00e7\u00e3o \u00e0s possibilidades de execu\u00e7\u00e3o dos trabalhos solicitados\u201d.<\/p>\n\n\n\n<p>Ainda participaram da reuni\u00e3o o presidente da C\u00e2mara Municipal, Caj\u00f3 Menezes, que ressaltou a import\u00e2ncia da parceria junto a Prefeitura para a implanta\u00e7\u00e3o deste projeto que cerca os Monteirenses em todas as suas esferas, e Bi\u00e3o Nunes, l\u00edder do governo, que expressou o seguinte coment\u00e1rio: \u201cGestor nenhum tem capacidade de governar sozinho, \u00e9 assim que fazemos o trabalho visando sempre o benef\u00edcio das comunidades\u201d.<\/p>\n\n\n\n<p>A frente deste trabalho, a secret\u00e1ria de Desenvolvimento Social, Rosa Aleixo disse que este \u00e9 um trabalho \u00e1rduo, e o fruto do servi\u00e7o prestado \u00e9 chegar de cabe\u00e7a erguida em casa s\u00edtio, pois, existe o reconhecimento de que todos que representam a popula\u00e7\u00e3o querem o melhor para o munic\u00edpio.<\/p>\n\n\n\n<div class=\"wp-block-image\"><figure class=\"alignleft\"><img decoding=\"async\" data-src=\"http:\/\/www.vitrinedocariri.com.br\/wp-content\/uploads\/2019\/01\/Reuni%C3%A3o-Associa%C3%A7%C3%B5es14-300x200.jpg\" alt=\"\" class=\"wp-image-34132 lazyload\" src=\"data:image\/svg+xml;base64,PHN2ZyB3aWR0aD0iMSIgaGVpZ2h0PSIxIiB4bWxucz0iaHR0cDovL3d3dy53My5vcmcvMjAwMC9zdmciPjwvc3ZnPg==\" style=\"--smush-placeholder-width: 300px; --smush-placeholder-aspect-ratio: 300\/200;\" \/><\/figure><\/div>\n\n\n\n<p>Fazendo o uso da palavra, Clemilda In\u00e1cio, complementou: \u201cHoje eu vejo uma grande oportunidade para n\u00f3s da zona rural, pois a prefeita tem nos dado a abertura ouvindo nossas demandas e realizando o poss\u00edvel. \u00c9 important\u00edssimo esse processo e vamos tocar pra frente com muito trabalho. Hoje estamos articulados, onde eu fa\u00e7o a ponte entre as associa\u00e7\u00f5es e o governo, encaminhando, cobrando, gerando demandas para todas as esferas, seja munic\u00edpio, estado ou para o governo federal, para isso teremos esta liga\u00e7\u00e3o cont\u00ednua\u201d.<\/p>\n\n\n\n<div class=\"wp-block-image\"><figure class=\"alignright\"><img decoding=\"async\" data-src=\"http:\/\/www.vitrinedocariri.com.br\/wp-content\/uploads\/2019\/01\/Reuni%C3%A3o-Associa%C3%A7%C3%B5es36-300x200.jpg\" alt=\"\" class=\"wp-image-34133 lazyload\" src=\"data:image\/svg+xml;base64,PHN2ZyB3aWR0aD0iMSIgaGVpZ2h0PSIxIiB4bWxucz0iaHR0cDovL3d3dy53My5vcmcvMjAwMC9zdmciPjwvc3ZnPg==\" style=\"--smush-placeholder-width: 300px; --smush-placeholder-aspect-ratio: 300\/200;\" \/><\/figure><\/div>\n\n\n\n<p>Ao finalizar a reuni\u00e3o, a prefeita Anna Lorena aproveitou para informar que est\u00e1 em fase de final um projeto de entrega de raquetes de palmas pela Prefeitura atrav\u00e9s das associa\u00e7\u00f5es e ainda confirmou que o recapeamento total da estrada da Pitombeira come\u00e7a neste m\u00eas de fevereiro.<\/p>\n","protected":false},"excerpt":{"rendered":"<p>&nbsp;A Prefeita do Munic\u00edpio de Monteiro promoveu na manh\u00e3 desta ter\u00e7a-feira, 29, uma reuni\u00e3o com os presidentes das associa\u00e7\u00f5es rurais, juntamente com o Conselho Municipal&hellip; <\/p>\n","protected":false},"author":1,"featured_media":82635,"comment_status":"closed","ping_status":"closed","sticky":false,"template":"","format":"standard","meta":{"sfsi_plus_gutenberg_text_before_share":"","sfsi_plus_gutenberg_show_text_before_share":"","sfsi_plus_gutenberg_icon_type":"","sfsi_plus_gutenberg_icon_alignemt":"","sfsi_plus_gutenburg_max_per_row":"","footnotes":""},"categories":[6],"tags":[],"class_list":["post-82634","post","type-post","status-publish","format-standard","has-post-thumbnail","hentry","category-cidades"],"_links":{"self":[{"href":"https:\/\/www.caririemacao.com\/1\/wp-json\/wp\/v2\/posts\/82634","targetHints":{"allow":["GET"]}}],"collection":[{"href":"https:\/\/www.caririemacao.com\/1\/wp-json\/wp\/v2\/posts"}],"about":[{"href":"https:\/\/www.caririemacao.com\/1\/wp-json\/wp\/v2\/types\/post"}],"author":[{"embeddable":true,"href":"https:\/\/www.caririemacao.com\/1\/wp-json\/wp\/v2\/users\/1"}],"replies":[{"embeddable":true,"href":"https:\/\/www.caririemacao.com\/1\/wp-json\/wp\/v2\/comments?post=82634"}],"version-history":[{"count":1,"href":"https:\/\/www.caririemacao.com\/1\/wp-json\/wp\/v2\/posts\/82634\/revisions"}],"predecessor-version":[{"id":82636,"href":"https:\/\/www.caririemacao.com\/1\/wp-json\/wp\/v2\/posts\/82634\/revisions\/82636"}],"wp:featuredmedia":[{"embeddable":true,"href":"https:\/\/www.caririemacao.com\/1\/wp-json\/wp\/v2\/media\/82635"}],"wp:attachment":[{"href":"https:\/\/www.caririemacao.com\/1\/wp-json\/wp\/v2\/media?parent=82634"}],"wp:term":[{"taxonomy":"category","embeddable":true,"href":"https:\/\/www.caririemacao.com\/1\/wp-json\/wp\/v2\/categories?post=82634"},{"taxonomy":"post_tag","embeddable":true,"href":"https:\/\/www.caririemacao.com\/1\/wp-json\/wp\/v2\/tags?post=82634"}],"curies":[{"name":"wp","href":"https:\/\/api.w.org\/{rel}","templated":true}]}}