{"id":82637,"date":"2019-01-30T21:02:11","date_gmt":"2019-01-31T00:02:11","guid":{"rendered":"http:\/\/www.caririemacao.com\/1\/?p=82637"},"modified":"2019-01-30T21:02:14","modified_gmt":"2019-01-31T00:02:14","slug":"prefeita-anna-lorena-participa-de-programa-na-tv-tambau-e-destaca-acoes-da-gestao","status":"publish","type":"post","link":"https:\/\/www.caririemacao.com\/1\/2019\/01\/30\/prefeita-anna-lorena-participa-de-programa-na-tv-tambau-e-destaca-acoes-da-gestao\/","title":{"rendered":"Prefeita Anna Lorena participa de programa na TV Tamba\u00fa e destaca a\u00e7\u00f5es da gest\u00e3o"},"content":{"rendered":"\n<p>A prefeita da cidade de Monteiro, Anna Lorena, participou nesta quarta-feira (30), do programa Com Voc\u00ea, na TV Tamba\u00fa. Durante o programa, que destacou a \u201cmulher no poder\u201d, a gestora falou das a\u00e7\u00f5es \u00e0 frente da prefeitura da principal cidade do Cariri paraibano.<\/p>\n\n\n\n<p>Durante a entrevista, Lorena descreveu tra\u00e7os da sua vida p\u00fablica como secret\u00e1ria de Desenvolvimento Social, Sa\u00fade e vereadora, at\u00e9 chegar ao cargo de prefeita, eleita no \u00faltimo pleito.<\/p>\n\n\n\n<div class=\"wp-block-image\"><figure class=\"alignleft\"><img decoding=\"async\" data-src=\"http:\/\/www.vitrinedocariri.com.br\/wp-content\/uploads\/2019\/01\/WhatsApp-Image-2019-01-30-at-18.14.54-300x225.jpeg\" alt=\"\" class=\"wp-image-34138 lazyload\" src=\"data:image\/svg+xml;base64,PHN2ZyB3aWR0aD0iMSIgaGVpZ2h0PSIxIiB4bWxucz0iaHR0cDovL3d3dy53My5vcmcvMjAwMC9zdmciPjwvc3ZnPg==\" style=\"--smush-placeholder-width: 300px; --smush-placeholder-aspect-ratio: 300\/225;\" \/><\/figure><\/div>\n\n\n\n<p>A prefeita tamb\u00e9m aproveitou a oportunidade para lembrar a aprova\u00e7\u00e3o de todas as contas de 2017, com uma gest\u00e3o que \u00e9 reconhecida pelo&nbsp;TCE.<\/p>\n\n\n\n<p>Anna Lorena falou tamb\u00e9m sobre sua experi\u00eancia na Alemanha, sendo uma das oito prefeitas do Brasil a ter esta oportunidade, adquirindo conhecimento acerca de aprimorar a gest\u00e3o.<\/p>\n\n\n\n<p>A conversa tamb\u00e9m teve um gosto cultural, \u00e9 que j\u00e1 se aproxima o Festival Zab\u00e9 da Loca, al\u00e9m do tradicional S\u00e3o Jo\u00e3o de Monteiro, que segundo a prefeita, vir\u00e1 repleto de boas novidades para todo o p\u00fablico.<\/p>\n","protected":false},"excerpt":{"rendered":"<p>A prefeita da cidade de Monteiro, Anna Lorena, participou nesta quarta-feira (30), do programa Com Voc\u00ea, na TV Tamba\u00fa. Durante o programa, que destacou a&hellip; <\/p>\n","protected":false},"author":1,"featured_media":82638,"comment_status":"closed","ping_status":"closed","sticky":false,"template":"","format":"standard","meta":{"sfsi_plus_gutenberg_text_before_share":"","sfsi_plus_gutenberg_show_text_before_share":"","sfsi_plus_gutenberg_icon_type":"","sfsi_plus_gutenberg_icon_alignemt":"","sfsi_plus_gutenburg_max_per_row":"","footnotes":""},"categories":[2],"tags":[],"class_list":["post-82637","post","type-post","status-publish","format-standard","has-post-thumbnail","hentry","category-geral"],"_links":{"self":[{"href":"https:\/\/www.caririemacao.com\/1\/wp-json\/wp\/v2\/posts\/82637","targetHints":{"allow":["GET"]}}],"collection":[{"href":"https:\/\/www.caririemacao.com\/1\/wp-json\/wp\/v2\/posts"}],"about":[{"href":"https:\/\/www.caririemacao.com\/1\/wp-json\/wp\/v2\/types\/post"}],"author":[{"embeddable":true,"href":"https:\/\/www.caririemacao.com\/1\/wp-json\/wp\/v2\/users\/1"}],"replies":[{"embeddable":true,"href":"https:\/\/www.caririemacao.com\/1\/wp-json\/wp\/v2\/comments?post=82637"}],"version-history":[{"count":1,"href":"https:\/\/www.caririemacao.com\/1\/wp-json\/wp\/v2\/posts\/82637\/revisions"}],"predecessor-version":[{"id":82639,"href":"https:\/\/www.caririemacao.com\/1\/wp-json\/wp\/v2\/posts\/82637\/revisions\/82639"}],"wp:featuredmedia":[{"embeddable":true,"href":"https:\/\/www.caririemacao.com\/1\/wp-json\/wp\/v2\/media\/82638"}],"wp:attachment":[{"href":"https:\/\/www.caririemacao.com\/1\/wp-json\/wp\/v2\/media?parent=82637"}],"wp:term":[{"taxonomy":"category","embeddable":true,"href":"https:\/\/www.caririemacao.com\/1\/wp-json\/wp\/v2\/categories?post=82637"},{"taxonomy":"post_tag","embeddable":true,"href":"https:\/\/www.caririemacao.com\/1\/wp-json\/wp\/v2\/tags?post=82637"}],"curies":[{"name":"wp","href":"https:\/\/api.w.org\/{rel}","templated":true}]}}