{"id":82640,"date":"2019-01-30T21:05:33","date_gmt":"2019-01-31T00:05:33","guid":{"rendered":"http:\/\/www.caririemacao.com\/1\/?p=82640"},"modified":"2019-01-30T21:05:37","modified_gmt":"2019-01-31T00:05:37","slug":"bolsonaro-vai-se-comunicar-com-os-ministros-por-videoconferencia","status":"publish","type":"post","link":"https:\/\/www.caririemacao.com\/1\/2019\/01\/30\/bolsonaro-vai-se-comunicar-com-os-ministros-por-videoconferencia\/","title":{"rendered":"Bolsonaro vai se comunicar com os ministros por videoconfer\u00eancia"},"content":{"rendered":"\n<p>O porta-voz da presid\u00eancia da Rep\u00fablica, Otavio do R\u00eago Barros, disse hoje (30) que o presidente Jair Bolsonaro vai se comunicar por meio de videoconfer\u00eancia ou \u00e1udio confer\u00eancia com os ministros quando necess\u00e1rio.\u00a0<\/p>\n\n\n\n<p>Segundo ele, o presidente ser\u00e1 preservado de falar porque h\u00e1 possibilidade de que gases entrem em sua cavidade abdominal, o que poderia provocar dores e dificuldade na cicatriza\u00e7\u00e3o.<\/p>\n\n\n\n<p>\u201c[Reuni\u00f5es] n\u00e3o acontecer\u00e3o. Os ministros far\u00e3o, se necess\u00e1rio, suas consultas por meio de videoconfer\u00eancia ou \u00e1udio confer\u00eancia. Testamos os dois sistemas e funcionaram perfeitamente\u201d, disse. \u201cEle [Bolsonaro] vai absorver a informa\u00e7\u00e3o e vai escrever a orienta\u00e7\u00e3o dele. Essa \u00e9 a nossa ideia\u201d, acrescentou.<\/p>\n\n\n\n<p>No entanto, se houver libera\u00e7\u00e3o m\u00e9dica, Bolsonaro poder\u00e1 falar novamente para exercer suas fun\u00e7\u00f5es na presid\u00eancia. A previs\u00e3o de alta continua em 10 dias ap\u00f3s a cirurgia. A possibilidade de uma reuni\u00e3o presencial com ministros para tratar do desastre em Brumadinho (MG) foi adiada. &nbsp;<\/p>\n\n\n\n<p>Questionado sobre o fato de Bolsonaro n\u00e3o poder falar e isso influenciar no desempenho de suas fun\u00e7\u00f5es, o porta-voz disse que o presidente tem \u201cpoder de deliberar e poder direcionar as a\u00e7\u00f5es referentes ao poder executivo\u201d. R\u00eago Barros disse que o presidente j\u00e1 mexe no telefone, tem contato com outras pessoas e assiste televis\u00e3o. Hoje n\u00e3o houve despachos de Bolsonaro, segundo ele.<\/p>\n\n\n\n<p><strong>Brumadinho<\/strong><\/p>\n\n\n\n<p>O porta-voz disse que o Minist\u00e9rio da Economia e do Desenvolvimento Regional disponibilizaram o valor de R$ 801,9 milh\u00f5es para assist\u00eancia emergencial \u00e0s fam\u00edlias afetas em Brumadinho (MG) no \u00e2mbito da rubrica \u201capoio emergencial e desastres\u201d. Segundo ele, o valor pode ser direcionado para doa\u00e7\u00e3o de kits de emerg\u00eancias contendo, por exemplo, barracas para dormit\u00f3rios, \u00e1gua pot\u00e1vel, colch\u00f5es, cestas b\u00e1sicas, produtos de limpeza e higiene pessoal.<\/p>\n\n\n\n<p>Entre as a\u00e7\u00f5es do governo federal, ele citou fiscaliza\u00e7\u00e3o priorit\u00e1ria de 3.386 barragens com maior potencial de risco; a libera\u00e7\u00e3o do seguro defeso para os pescadores da regi\u00e3o da trag\u00e9dia; e uma portaria do Minist\u00e9rio da Cidadania ampliando o n\u00famero de agricultores familiares que vendem seus produtos ao programa de aquisi\u00e7\u00e3o de alimentos, ser\u00e3o disponibilizados mais R$ 300 mil para execu\u00e7\u00e3o do programa de aquisi\u00e7\u00e3o alimentar, al\u00e9m de R$ 120 mil j\u00e1 dispon\u00edveis.<\/p>\n\n\n\n<p><strong>Previd\u00eancia<\/strong><\/p>\n\n\n\n<p>O porta-voz comentou sobre as a\u00e7\u00f5es em rela\u00e7\u00e3o \u00e0 reforma da Previd\u00eancia. \u201cNaturalmente o presidente \u00e0 medida em que se torne mais forte e que possa deliberar em melhores condi\u00e7\u00f5es ele vai estabelecer o contato com os ministros que s\u00e3o respons\u00e1veis pela configura\u00e7\u00e3o, pela conforma\u00e7\u00e3o da quest\u00e3o da Previd\u00eancia Social e vai definir quais s\u00e3o as suas diretivas\u201d.<\/p>\n\n\n\n<p><\/p>\n\n\n\n<p>Ag\u00eanciaBrasil<\/p>\n","protected":false},"excerpt":{"rendered":"<p>O porta-voz da presid\u00eancia da Rep\u00fablica, Otavio do R\u00eago Barros, disse hoje (30) que o presidente Jair Bolsonaro vai se comunicar por meio de videoconfer\u00eancia&hellip; <\/p>\n","protected":false},"author":1,"featured_media":82641,"comment_status":"closed","ping_status":"closed","sticky":false,"template":"","format":"standard","meta":{"sfsi_plus_gutenberg_text_before_share":"","sfsi_plus_gutenberg_show_text_before_share":"","sfsi_plus_gutenberg_icon_type":"","sfsi_plus_gutenberg_icon_alignemt":"","sfsi_plus_gutenburg_max_per_row":"","footnotes":""},"categories":[11],"tags":[],"class_list":["post-82640","post","type-post","status-publish","format-standard","has-post-thumbnail","hentry","category-politica"],"_links":{"self":[{"href":"https:\/\/www.caririemacao.com\/1\/wp-json\/wp\/v2\/posts\/82640","targetHints":{"allow":["GET"]}}],"collection":[{"href":"https:\/\/www.caririemacao.com\/1\/wp-json\/wp\/v2\/posts"}],"about":[{"href":"https:\/\/www.caririemacao.com\/1\/wp-json\/wp\/v2\/types\/post"}],"author":[{"embeddable":true,"href":"https:\/\/www.caririemacao.com\/1\/wp-json\/wp\/v2\/users\/1"}],"replies":[{"embeddable":true,"href":"https:\/\/www.caririemacao.com\/1\/wp-json\/wp\/v2\/comments?post=82640"}],"version-history":[{"count":1,"href":"https:\/\/www.caririemacao.com\/1\/wp-json\/wp\/v2\/posts\/82640\/revisions"}],"predecessor-version":[{"id":82642,"href":"https:\/\/www.caririemacao.com\/1\/wp-json\/wp\/v2\/posts\/82640\/revisions\/82642"}],"wp:featuredmedia":[{"embeddable":true,"href":"https:\/\/www.caririemacao.com\/1\/wp-json\/wp\/v2\/media\/82641"}],"wp:attachment":[{"href":"https:\/\/www.caririemacao.com\/1\/wp-json\/wp\/v2\/media?parent=82640"}],"wp:term":[{"taxonomy":"category","embeddable":true,"href":"https:\/\/www.caririemacao.com\/1\/wp-json\/wp\/v2\/categories?post=82640"},{"taxonomy":"post_tag","embeddable":true,"href":"https:\/\/www.caririemacao.com\/1\/wp-json\/wp\/v2\/tags?post=82640"}],"curies":[{"name":"wp","href":"https:\/\/api.w.org\/{rel}","templated":true}]}}