{"id":82645,"date":"2019-01-30T21:11:51","date_gmt":"2019-01-31T00:11:51","guid":{"rendered":"http:\/\/www.caririemacao.com\/1\/?p=82645"},"modified":"2019-01-30T21:11:54","modified_gmt":"2019-01-31T00:11:54","slug":"joao-azevedo-apresenta-anuario-da-seguranca-publica-2018","status":"publish","type":"post","link":"https:\/\/www.caririemacao.com\/1\/2019\/01\/30\/joao-azevedo-apresenta-anuario-da-seguranca-publica-2018\/","title":{"rendered":"Jo\u00e3o Azev\u00eado apresenta Anu\u00e1rio da Seguran\u00e7a P\u00fablica 2018"},"content":{"rendered":"\n<p>O governador Jo\u00e3o Azev\u00eado realiza nesta quinta-feira (31), \u00e0s 9h, no Pal\u00e1cio da Reden\u00e7\u00e3o, a primeira reuni\u00e3o de monitoramento das a\u00e7\u00f5es da Seguran\u00e7a P\u00fablica do ano e da sua gest\u00e3o.&nbsp;<\/p>\n\n\n\n<p>Na oportunidade, ser\u00e1 apresentado o Anu\u00e1rio de Seguran\u00e7a P\u00fablica 2018, produzido pela Secretaria de Estado da Seguran\u00e7a e Defesa Social. Entre os destaques est\u00e1 a redu\u00e7\u00e3o de assassinatos no estado por sete anos consecutivos desde 2012.<br><\/p>\n\n\n\n<p>Estar\u00e3o presentes o secret\u00e1rio da Seguran\u00e7a e da Defesa Social, Jean Nunes, o secret\u00e1rio executivo, Lamark Donato, o comandante da Pol\u00edcia Militar, coronel Euller Chaves, o delegado geral de Pol\u00edcia Civil, Isa\u00edas Gualberto, e o coronel Marcelo Ara\u00fajo, comandante do Corpo de Bombeiros, al\u00e9m de outros gestores da pasta e de Regi\u00f5es e \u00c1reas Integradas de Seguran\u00e7a P\u00fablica.<br>&nbsp;<br>Data: 31\/01\/2019<br>Hora: 9h<br>Local: Pal\u00e1cio da Reden\u00e7\u00e3o \u2013 Jo\u00e3o Pessoa\/PB.<\/p>\n","protected":false},"excerpt":{"rendered":"<p>O governador Jo\u00e3o Azev\u00eado realiza nesta quinta-feira (31), \u00e0s 9h, no Pal\u00e1cio da Reden\u00e7\u00e3o, a primeira reuni\u00e3o de monitoramento das a\u00e7\u00f5es da Seguran\u00e7a P\u00fablica do&hellip; <\/p>\n","protected":false},"author":1,"featured_media":82646,"comment_status":"closed","ping_status":"closed","sticky":false,"template":"","format":"standard","meta":{"sfsi_plus_gutenberg_text_before_share":"","sfsi_plus_gutenberg_show_text_before_share":"","sfsi_plus_gutenberg_icon_type":"","sfsi_plus_gutenberg_icon_alignemt":"","sfsi_plus_gutenburg_max_per_row":"","footnotes":""},"categories":[11],"tags":[],"class_list":["post-82645","post","type-post","status-publish","format-standard","has-post-thumbnail","hentry","category-politica"],"_links":{"self":[{"href":"https:\/\/www.caririemacao.com\/1\/wp-json\/wp\/v2\/posts\/82645","targetHints":{"allow":["GET"]}}],"collection":[{"href":"https:\/\/www.caririemacao.com\/1\/wp-json\/wp\/v2\/posts"}],"about":[{"href":"https:\/\/www.caririemacao.com\/1\/wp-json\/wp\/v2\/types\/post"}],"author":[{"embeddable":true,"href":"https:\/\/www.caririemacao.com\/1\/wp-json\/wp\/v2\/users\/1"}],"replies":[{"embeddable":true,"href":"https:\/\/www.caririemacao.com\/1\/wp-json\/wp\/v2\/comments?post=82645"}],"version-history":[{"count":1,"href":"https:\/\/www.caririemacao.com\/1\/wp-json\/wp\/v2\/posts\/82645\/revisions"}],"predecessor-version":[{"id":82647,"href":"https:\/\/www.caririemacao.com\/1\/wp-json\/wp\/v2\/posts\/82645\/revisions\/82647"}],"wp:featuredmedia":[{"embeddable":true,"href":"https:\/\/www.caririemacao.com\/1\/wp-json\/wp\/v2\/media\/82646"}],"wp:attachment":[{"href":"https:\/\/www.caririemacao.com\/1\/wp-json\/wp\/v2\/media?parent=82645"}],"wp:term":[{"taxonomy":"category","embeddable":true,"href":"https:\/\/www.caririemacao.com\/1\/wp-json\/wp\/v2\/categories?post=82645"},{"taxonomy":"post_tag","embeddable":true,"href":"https:\/\/www.caririemacao.com\/1\/wp-json\/wp\/v2\/tags?post=82645"}],"curies":[{"name":"wp","href":"https:\/\/api.w.org\/{rel}","templated":true}]}}