{"id":82656,"date":"2019-01-31T08:11:19","date_gmt":"2019-01-31T11:11:19","guid":{"rendered":"http:\/\/www.caririemacao.com\/1\/?p=82656"},"modified":"2019-01-31T08:11:22","modified_gmt":"2019-01-31T11:11:22","slug":"comecam-hoje-as-inscricoes-para-o-prouni","status":"publish","type":"post","link":"https:\/\/www.caririemacao.com\/1\/2019\/01\/31\/comecam-hoje-as-inscricoes-para-o-prouni\/","title":{"rendered":"Come\u00e7am hoje as inscri\u00e7\u00f5es para o ProUni"},"content":{"rendered":"\n<p>Os candidatos interessados no Programa Universidade para Todos (ProUni) poder\u00e3o se inscrever a partir desta quinta-feira (31),&nbsp;<a href=\"http:\/\/siteprouni.mec.gov.br\/\">pelo site oficial do programa na internet<\/a>, at\u00e9 o dia 3 de fevereiro.&nbsp;<\/p>\n\n\n\n<p>Os resultados da primeira chamada ser\u00e3o divulgados na pr\u00f3xima quarta-feira (6). J\u00e1 o&nbsp;da segunda chamada ser\u00e1 divulgado no dia 20 de fevereiro.&nbsp;<\/p>\n\n\n\n<p>O programa oferece bolsas de estudo em institui\u00e7\u00f5es de ensino superior privadas. S\u00f3 podem optar pelo programa os candidatos que fizeram o Enem 2018 e alcan\u00e7aram&nbsp;no m\u00ednimo 450 pontos e tiraram nota superior a zero na reda\u00e7\u00e3o.<\/p>\n\n\n\n<p>Tamb\u00e9m tem que ser brasileiro sem curso superior e que tenham feito o ensino m\u00e9dio completo na rede p\u00fablica ou como bolsista integral&nbsp;na rede privada, alunos que fizeram parte do ensino m\u00e9dio na rede p\u00fablica e a outra parte na rede privada, na condi\u00e7\u00e3o de bolsista ou que sejam deficientes f\u00edsicos.<\/p>\n\n\n\n<p>Em rela\u00e7\u00e3o as bolsas integrais, elas s\u00e3o voltadas \u00e0queles alunos cuja a renda familiar per capita de at\u00e9 um sal\u00e1rio m\u00ednimo e meio. J\u00e1 as bolsas parciais de 50%&nbsp;s\u00e3o destinadas aos alunos que t\u00eam renda familiar per capita&nbsp;de at\u00e9 tr\u00eas sal\u00e1rios m\u00ednimos.&nbsp;<\/p>\n\n\n\n<p>Professores da rede p\u00fablica de ensino tamb\u00e9m podem concorrer a bolsa e n\u00e3o precisam atender aos crit\u00e9rios de renda.<\/p>\n\n\n\n<p>Confira o calend\u00e1rio do ProUni&nbsp;<\/p>\n\n\n\n<ul class=\"wp-block-list\"><li>In\u00edcio das inscri\u00e7\u00f5es: 31 de janeiro<\/li><li>Fim das inscri\u00e7\u00f5es: 3 de fevereiro (\u00e0s 23h59)<\/li><li>Primeira chamada: 6 de fevereiro<\/li><li>Entrega dos documentos para garantir a matr\u00edcula: 6 a 14 de fevereiro<\/li><li>Segunda chamada: 20 de fevereiro<\/li><li>Entrega dos documentos para garantir a matr\u00edcula: 20 a 27 de fevereiro<\/li><li>Ades\u00e3o \u00e0 lista de espera: 7 e 8 de mar\u00e7o<\/li><li>Resultado da lista de espera: 11 de mar\u00e7o<\/li><li>Entrega dos documentos para garantir a matr\u00edcula: 12 e 13 de mar\u00e7o<\/li><\/ul>\n","protected":false},"excerpt":{"rendered":"<p>Os candidatos interessados no Programa Universidade para Todos (ProUni) poder\u00e3o se inscrever a partir desta quinta-feira (31),&nbsp;pelo site oficial do programa na internet, at\u00e9 o&hellip; <\/p>\n","protected":false},"author":1,"featured_media":44467,"comment_status":"closed","ping_status":"closed","sticky":false,"template":"","format":"standard","meta":{"sfsi_plus_gutenberg_text_before_share":"","sfsi_plus_gutenberg_show_text_before_share":"","sfsi_plus_gutenberg_icon_type":"","sfsi_plus_gutenberg_icon_alignemt":"","sfsi_plus_gutenburg_max_per_row":"","footnotes":""},"categories":[14],"tags":[],"class_list":["post-82656","post","type-post","status-publish","format-standard","has-post-thumbnail","hentry","category-educacao"],"_links":{"self":[{"href":"https:\/\/www.caririemacao.com\/1\/wp-json\/wp\/v2\/posts\/82656","targetHints":{"allow":["GET"]}}],"collection":[{"href":"https:\/\/www.caririemacao.com\/1\/wp-json\/wp\/v2\/posts"}],"about":[{"href":"https:\/\/www.caririemacao.com\/1\/wp-json\/wp\/v2\/types\/post"}],"author":[{"embeddable":true,"href":"https:\/\/www.caririemacao.com\/1\/wp-json\/wp\/v2\/users\/1"}],"replies":[{"embeddable":true,"href":"https:\/\/www.caririemacao.com\/1\/wp-json\/wp\/v2\/comments?post=82656"}],"version-history":[{"count":1,"href":"https:\/\/www.caririemacao.com\/1\/wp-json\/wp\/v2\/posts\/82656\/revisions"}],"predecessor-version":[{"id":82657,"href":"https:\/\/www.caririemacao.com\/1\/wp-json\/wp\/v2\/posts\/82656\/revisions\/82657"}],"wp:featuredmedia":[{"embeddable":true,"href":"https:\/\/www.caririemacao.com\/1\/wp-json\/wp\/v2\/media\/44467"}],"wp:attachment":[{"href":"https:\/\/www.caririemacao.com\/1\/wp-json\/wp\/v2\/media?parent=82656"}],"wp:term":[{"taxonomy":"category","embeddable":true,"href":"https:\/\/www.caririemacao.com\/1\/wp-json\/wp\/v2\/categories?post=82656"},{"taxonomy":"post_tag","embeddable":true,"href":"https:\/\/www.caririemacao.com\/1\/wp-json\/wp\/v2\/tags?post=82656"}],"curies":[{"name":"wp","href":"https:\/\/api.w.org\/{rel}","templated":true}]}}