{"id":82658,"date":"2019-01-31T08:14:07","date_gmt":"2019-01-31T11:14:07","guid":{"rendered":"http:\/\/www.caririemacao.com\/1\/?p=82658"},"modified":"2019-01-31T08:14:11","modified_gmt":"2019-01-31T11:14:11","slug":"vale-comeca-a-cadastrar-nesta-quinta-parentes-de-vitimas-da-tragedia-para-repasse-de-r-100-mil","status":"publish","type":"post","link":"https:\/\/www.caririemacao.com\/1\/2019\/01\/31\/vale-comeca-a-cadastrar-nesta-quinta-parentes-de-vitimas-da-tragedia-para-repasse-de-r-100-mil\/","title":{"rendered":"Vale come\u00e7a a cadastrar nesta quinta parentes de v\u00edtimas da trag\u00e9dia para repasse de R$ 100 mil"},"content":{"rendered":"\n<p>A mineradora Vale inicia nesta quinta-feira (31) o cadastro de pessoas que t\u00eam parentes mortos ou desaparecidos ap\u00f3s o rompimento de uma barragem em Brumadinho (MG). A empresa informou que pagar\u00e1 \u00e0s fam\u00edlias R$ 100 mil por pessoa desaparecida ou morta.<\/p>\n\n\n\n<p>O atendimento ser\u00e1 feito em dois postos, das 14h \u00e0s 18h, nesta quinta-feira e das 8h \u00e0s 18h nos demais dias, prioritariamente na Esta\u00e7\u00e3o do Conhecimento e tamb\u00e9m no Centro Comunit\u00e1rio do Feij\u00e3o.<\/p>\n\n\n\n<p>De acordo com o porta-voz do Comit\u00ea de Respostas R\u00e1pidas da mineradora no munic\u00edpio, S\u00e9rgio Leite, est\u00e3o aptos a receber o repasse fam\u00edlias de funcion\u00e1rios da Vale, contratados e terceirizados, e membros da comunidade, falecidos ou desaparecidos, conforme lista oficial validada pela Defesa Civil de Minas Gerais e divulgada no site da empresa na \u00faltima segunda-feira (28).<\/p>\n\n\n\n<p>A companhia esclareceu ainda que apenas um representante poder\u00e1 se registrar para receber o valor. Ser\u00e3o priorizados inicialmente os respons\u00e1veis legais por filhos menores de idade, seguidos de c\u00f4njuges ou companheiros em regime de uni\u00e3o est\u00e1vel, descendentes e, por \u00faltimo, ascendentes.<\/p>\n\n\n\n<p>\u201cProcuramos organizar de forma bastante criteriosa para garantir o funcionamento adequado. A gente sabe das dificuldades do momento\u201d, disse. \u201c\u00c9 uma doa\u00e7\u00e3o volunt\u00e1ria da Vale, independentemente de qualquer outra provid\u00eancia ou reposi\u00e7\u00e3o\u201d, completou.<\/p>\n\n\n\n<p>A mineradora ressaltou que, no momento do registro, ser\u00e1 necess\u00e1rio apresentar a documenta\u00e7\u00e3o comprobat\u00f3ria de v\u00ednculo familiar e dados pessoais originais e atualizados (nome completo, RG, CPF, data de nascimento, endere\u00e7o completo, e-mail, telefone e dados banc\u00e1rios).<\/p>\n\n\n\n<p>\u201cA partir desses postos organizados, crit\u00e9rios seguidos, contas banc\u00e1rias estabelecidas, em at\u00e9 tr\u00eas dias, esse dinheiro estar\u00e1 na conta\u201d, destacou o porta-voz da empresa.<\/p>\n\n\n\n<p>Segundo ele, tr\u00eas canais telef\u00f4nicos podem ser utilizados para tirar d\u00favidas quanto ao processo de registro: 0800 031 0831(Al\u00f4 Brumadinho), 0800 285 7000 (Al\u00f4 Ferrovias) e 0800 821 5000 (Ouvidoria da Vale).<\/p>\n","protected":false},"excerpt":{"rendered":"<p>A mineradora Vale inicia nesta quinta-feira (31) o cadastro de pessoas que t\u00eam parentes mortos ou desaparecidos ap\u00f3s o rompimento de uma barragem em Brumadinho&hellip; <\/p>\n","protected":false},"author":1,"featured_media":82245,"comment_status":"closed","ping_status":"closed","sticky":false,"template":"","format":"standard","meta":{"sfsi_plus_gutenberg_text_before_share":"","sfsi_plus_gutenberg_show_text_before_share":"","sfsi_plus_gutenberg_icon_type":"","sfsi_plus_gutenberg_icon_alignemt":"","sfsi_plus_gutenburg_max_per_row":"","footnotes":""},"categories":[2],"tags":[],"class_list":["post-82658","post","type-post","status-publish","format-standard","has-post-thumbnail","hentry","category-geral"],"_links":{"self":[{"href":"https:\/\/www.caririemacao.com\/1\/wp-json\/wp\/v2\/posts\/82658","targetHints":{"allow":["GET"]}}],"collection":[{"href":"https:\/\/www.caririemacao.com\/1\/wp-json\/wp\/v2\/posts"}],"about":[{"href":"https:\/\/www.caririemacao.com\/1\/wp-json\/wp\/v2\/types\/post"}],"author":[{"embeddable":true,"href":"https:\/\/www.caririemacao.com\/1\/wp-json\/wp\/v2\/users\/1"}],"replies":[{"embeddable":true,"href":"https:\/\/www.caririemacao.com\/1\/wp-json\/wp\/v2\/comments?post=82658"}],"version-history":[{"count":1,"href":"https:\/\/www.caririemacao.com\/1\/wp-json\/wp\/v2\/posts\/82658\/revisions"}],"predecessor-version":[{"id":82659,"href":"https:\/\/www.caririemacao.com\/1\/wp-json\/wp\/v2\/posts\/82658\/revisions\/82659"}],"wp:featuredmedia":[{"embeddable":true,"href":"https:\/\/www.caririemacao.com\/1\/wp-json\/wp\/v2\/media\/82245"}],"wp:attachment":[{"href":"https:\/\/www.caririemacao.com\/1\/wp-json\/wp\/v2\/media?parent=82658"}],"wp:term":[{"taxonomy":"category","embeddable":true,"href":"https:\/\/www.caririemacao.com\/1\/wp-json\/wp\/v2\/categories?post=82658"},{"taxonomy":"post_tag","embeddable":true,"href":"https:\/\/www.caririemacao.com\/1\/wp-json\/wp\/v2\/tags?post=82658"}],"curies":[{"name":"wp","href":"https:\/\/api.w.org\/{rel}","templated":true}]}}