{"id":82660,"date":"2019-01-31T08:23:40","date_gmt":"2019-01-31T11:23:40","guid":{"rendered":"http:\/\/www.caririemacao.com\/1\/?p=82660"},"modified":"2019-01-31T08:23:44","modified_gmt":"2019-01-31T11:23:44","slug":"policias-militar-e-civil-prendem-homens-suspeitos-de-praticar-duplo-homicidio","status":"publish","type":"post","link":"https:\/\/www.caririemacao.com\/1\/2019\/01\/31\/policias-militar-e-civil-prendem-homens-suspeitos-de-praticar-duplo-homicidio\/","title":{"rendered":"Pol\u00edcias Militar e Civil prendem homens suspeitos de praticar duplo homic\u00eddio"},"content":{"rendered":"\n<p>Um trabalho integrado dos policiais militares do 8\u00ba Batalh\u00e3o e policiais civis da 9\u00aa Delegacia Seccional de Itabaiana, no Agreste paraibano, na manh\u00e3 desta quarta feira (30), resultou na pris\u00e3o de dois homens suspeitos de praticar um duplo homic\u00eddio na noite dessa ter\u00e7a feira (29) na cidade de S\u00e3o Jos\u00e9 dos Ramos. \u00c2ngelo Izidro das Neves, 22 anos, e Adriano Rodrigues da Silva, 26 anos, estavam escondidos em duas casas quando foram encontrados pelos policiais. As investiga\u00e7\u00f5es mostram que os suspeitos praticaram o crime com a ajuda de outros tr\u00eas homens.&nbsp;<\/p>\n\n\n\n<p>Os levantamentos realizados no local do crime revelaram a din\u00e2mica da a\u00e7\u00e3o. As v\u00edtimas Jos\u00e9 Bezerra Lopes da Silva e Fabr\u00edcio Pereira Soares estavam em casa quando foram surpreendidos pelos assassinos que arrombaram as portas usando um machado. Sem ter como escapar, as v\u00edtimas foram dominadas e assassinadas com golpes de faca e fac\u00e3o. Os corpos foram encontrados pela dona da resid\u00eancia na manh\u00e3 desta quarta-feira. Ela foi at\u00e9 o local entregar o contrato de loca\u00e7\u00e3o para Jos\u00e9 e Fabr\u00edcio que tinham acabado de chegar \u00e0 cidade e estranhou quando viu a porta quebrada. Assustada, a mulher chamou a pol\u00edcia.<\/p>\n\n\n\n<p>\u201cQuando a nossa guarni\u00e7\u00e3o chegou \u00e0 resid\u00eancia identificou as v\u00edtimas. Eram dois homens que moravam nas cidades de Cabedelo e Bayeux, regi\u00e3o Metropolitana de Jo\u00e3o Pessoa. Eles foram presos no inicio do ano durante uma opera\u00e7\u00e3o realizada na Regi\u00e3o de combate ao tr\u00e1fico de drogas. Na \u00e9poca identificamos o l\u00edder do grupo, um adolescente de 16 anos que foi apreendido, e mais cinco adultos. Jos\u00e9 e Fabr\u00edcio foram soltos dias depois e retornaram \u00e0 cidade nessa ter\u00e7a feira para disputar a venda de entorpecentes. O controle destes pontos de vendas foi o motivo do crime\u201d, disse o comandante do 8\u00ba BPM, tenente-coronel Oscar Beuttenmuller.<\/p>\n\n\n\n<p>A identifica\u00e7\u00e3o dos suspeitos aconteceu atrav\u00e9s do trabalho integrado dos policiais militares e civis que passaram a seguir as pistas deixadas por eles e encontraram as casas onde \u00c2ngelo e Adriano estavam. Dos cinco envolvidos, tr\u00eas conseguiram escapar. \u201cPrimeiro prendemos um dos suspeitos e a partir dele conseguimos chegar ao segundo. Os outros n\u00e3o foram encontrados no local, mas j\u00e1 foram identificados. Eles s\u00e3o conhecidos na regi\u00e3o apenas como \u201cAlex\u201d, \u201cNego\u201d e \u201cEdnaldo\u201d. Durante o depoimento os presos informaram que o crime foi praticado porque as v\u00edtimas n\u00e3o repassaram o dinheiro da venda de drogas para eles\u201d, informou o delegado seccional Felipe Castelar.<\/p>\n\n\n\n<p>A faca e o fac\u00e3o usados para praticar o crime foram apreendidos nas casas dos suspeitos presos. \u00c2ngelo Izidro das Neves e Adriano Rodrigues da Silva foram encaminhados para a Delegacia de Itabaiana e autuados pelo delegado Eduardo Portela por duplo homic\u00eddio qualificado. Os dois foram encaminhados para a Cadeia P\u00fablica de Pilar, onde v\u00e3o aguardar pela decis\u00e3o da Justi\u00e7a. Os policiais agora concentram os trabalhos nas buscas dos outros tr\u00eas suspeitos.&nbsp;<\/p>\n","protected":false},"excerpt":{"rendered":"<p>Um trabalho integrado dos policiais militares do 8\u00ba Batalh\u00e3o e policiais civis da 9\u00aa Delegacia Seccional de Itabaiana, no Agreste paraibano, na manh\u00e3 desta quarta&hellip; <\/p>\n","protected":false},"author":1,"featured_media":3750,"comment_status":"closed","ping_status":"closed","sticky":false,"template":"","format":"standard","meta":{"sfsi_plus_gutenberg_text_before_share":"","sfsi_plus_gutenberg_show_text_before_share":"","sfsi_plus_gutenberg_icon_type":"","sfsi_plus_gutenberg_icon_alignemt":"","sfsi_plus_gutenburg_max_per_row":"","footnotes":""},"categories":[12],"tags":[],"class_list":["post-82660","post","type-post","status-publish","format-standard","has-post-thumbnail","hentry","category-policia"],"_links":{"self":[{"href":"https:\/\/www.caririemacao.com\/1\/wp-json\/wp\/v2\/posts\/82660","targetHints":{"allow":["GET"]}}],"collection":[{"href":"https:\/\/www.caririemacao.com\/1\/wp-json\/wp\/v2\/posts"}],"about":[{"href":"https:\/\/www.caririemacao.com\/1\/wp-json\/wp\/v2\/types\/post"}],"author":[{"embeddable":true,"href":"https:\/\/www.caririemacao.com\/1\/wp-json\/wp\/v2\/users\/1"}],"replies":[{"embeddable":true,"href":"https:\/\/www.caririemacao.com\/1\/wp-json\/wp\/v2\/comments?post=82660"}],"version-history":[{"count":1,"href":"https:\/\/www.caririemacao.com\/1\/wp-json\/wp\/v2\/posts\/82660\/revisions"}],"predecessor-version":[{"id":82661,"href":"https:\/\/www.caririemacao.com\/1\/wp-json\/wp\/v2\/posts\/82660\/revisions\/82661"}],"wp:featuredmedia":[{"embeddable":true,"href":"https:\/\/www.caririemacao.com\/1\/wp-json\/wp\/v2\/media\/3750"}],"wp:attachment":[{"href":"https:\/\/www.caririemacao.com\/1\/wp-json\/wp\/v2\/media?parent=82660"}],"wp:term":[{"taxonomy":"category","embeddable":true,"href":"https:\/\/www.caririemacao.com\/1\/wp-json\/wp\/v2\/categories?post=82660"},{"taxonomy":"post_tag","embeddable":true,"href":"https:\/\/www.caririemacao.com\/1\/wp-json\/wp\/v2\/tags?post=82660"}],"curies":[{"name":"wp","href":"https:\/\/api.w.org\/{rel}","templated":true}]}}