{"id":82666,"date":"2019-01-31T08:29:26","date_gmt":"2019-01-31T11:29:26","guid":{"rendered":"http:\/\/www.caririemacao.com\/1\/?p=82666"},"modified":"2019-01-31T08:29:29","modified_gmt":"2019-01-31T11:29:29","slug":"divulgado-edital-de-selecao-com-vagas-para-cursos-do-pronatec-em-sume","status":"publish","type":"post","link":"https:\/\/www.caririemacao.com\/1\/2019\/01\/31\/divulgado-edital-de-selecao-com-vagas-para-cursos-do-pronatec-em-sume\/","title":{"rendered":"Divulgado edital de sele\u00e7\u00e3o com vagas para cursos do Pronatec em Sum\u00e9"},"content":{"rendered":"\n<p>O Governo da Para\u00edba divulgou um&nbsp;<a href=\"https:\/\/auniao.pb.gov.br\/servicos\/arquivo-digital\/doe\/2019\/janeiro\/diario-oficial-30-01-2019.pdf\" target=\"_blank\" rel=\"noreferrer noopener\">edital com 500 vagas<\/a>&nbsp;dispon\u00edveis para curso t\u00e9cnico de n\u00edvel m\u00e9dio do Programa Nacional de Acesso ao Ensino T\u00e9cnico e Emprego (Pronatec). O edital foi publicado no&nbsp;Di\u00e1rio Oficial do Estado (DOE) desta quarta-feira (30). Podem participar estudantes j\u00e1 inseridos na rede p\u00fablica estadual.<\/p>\n\n\n\n<p>As inscri\u00e7\u00f5es s\u00e3o gratuitas e ser\u00e3o abertas no dia 4 de fevereiro, seguindo at\u00e9 o dia 15 do mesmo m\u00eas. Para concorrer a uma das vagas, o candidato deve preencher um&nbsp;<a href=\"https:\/\/sites.google.com\/see.pb.gov.br\/mediotec2018\" target=\"_blank\" rel=\"noreferrer noopener\">formul\u00e1rio online<\/a>.Publicidade<\/p>\n\n\n\n<figure class=\"wp-block-image\"><img decoding=\"async\" data-src=\"https:\/\/paraibaja.com.br\/wp-content\/uploads\/2018\/12\/728x90pxALPBFINALDEANO.gif?pas=12658409221901311121\" alt=\"ALPB\" src=\"data:image\/svg+xml;base64,PHN2ZyB3aWR0aD0iMSIgaGVpZ2h0PSIxIiB4bWxucz0iaHR0cDovL3d3dy53My5vcmcvMjAwMC9zdmciPjwvc3ZnPg==\" class=\"lazyload\" \/><\/figure>\n\n\n\n<p>H\u00e1 vagas nas cidades de Cabedelo, Cajazeiras, Campina Grande, Concei\u00e7\u00e3o, Curral de Cima, Itaporanga, Jo\u00e3o Pessoa, Mamanguape, Monteiro, Santa Luzia, S\u00e3o Bento e Sum\u00e9. Cerca de 65% das vagas s\u00e3o destinadas para candidatos benefici\u00e1rios do programa Bolsa Fam\u00edlia e 5% para pessoas com defici\u00eancia.<\/p>\n\n\n\n<p>Poder\u00e3o participar do processo seletivo, os alunos da rede p\u00fablica estadual que estejam cursando o 2\u00ba ano ou 3\u00b0 ano do ensino m\u00e9dio regular no ano letivo de 2019 e com idade entre 15 a 19 anos completos no in\u00edcio das aulas. Os alunos que estejam cursando o 2\u00ba ano do ensino m\u00e9dio poder\u00e3o inscrever-se nos cursos com carga hor\u00e1ria igual a 800 horas, 1000 horas e 1200 horas. Os alunos que estejam cursando o 3\u00ba ano do ensino m\u00e9dio poder\u00e1 inscrever-se nos cursos com carga hor\u00e1ria igual a 800 horas.<\/p>\n\n\n\n<p>A classifica\u00e7\u00e3o ser\u00e1 feita por curso em sorteio aleat\u00f3rio da inscri\u00e7\u00e3o. Al\u00e9m do sorteio, tamb\u00e9m vai ser levada em considera\u00e7\u00e3o a nota obtida na etapa da entrevista. Durante a inscri\u00e7\u00e3o ser\u00e1 gerado um n\u00famero. Ser\u00e1 sorteado aleatoriamente um quantitativo de candidatos igual a 40 vagas, para participar da segunda etapa. Considerando que o n\u00famero de vagas \u00e9 inferior a 40, os aprovados ser\u00e3o reclassificados de acordo com a nota obtida na entrevista.<\/p>\n\n\n\n<p>A divulga\u00e7\u00e3o dos candidatos sorteados acontece no dia 22 de fevereiro, juntamente com a divulga\u00e7\u00e3o do local e hor\u00e1rio da entrevista dos candidatos. O resultado final est\u00e1 previsto para ser divulgado no dia 8 de mar\u00e7o, com o local e hor\u00e1rios das matr\u00edculas dos candidatos.<\/p>\n","protected":false},"excerpt":{"rendered":"<p>O Governo da Para\u00edba divulgou um&nbsp;edital com 500 vagas&nbsp;dispon\u00edveis para curso t\u00e9cnico de n\u00edvel m\u00e9dio do Programa Nacional de Acesso ao Ensino T\u00e9cnico e Emprego&hellip; <\/p>\n","protected":false},"author":1,"featured_media":55568,"comment_status":"closed","ping_status":"closed","sticky":false,"template":"","format":"standard","meta":{"sfsi_plus_gutenberg_text_before_share":"","sfsi_plus_gutenberg_show_text_before_share":"","sfsi_plus_gutenberg_icon_type":"","sfsi_plus_gutenberg_icon_alignemt":"","sfsi_plus_gutenburg_max_per_row":"","footnotes":""},"categories":[50,14],"tags":[],"class_list":["post-82666","post","type-post","status-publish","format-standard","has-post-thumbnail","hentry","category-destaque","category-educacao"],"_links":{"self":[{"href":"https:\/\/www.caririemacao.com\/1\/wp-json\/wp\/v2\/posts\/82666","targetHints":{"allow":["GET"]}}],"collection":[{"href":"https:\/\/www.caririemacao.com\/1\/wp-json\/wp\/v2\/posts"}],"about":[{"href":"https:\/\/www.caririemacao.com\/1\/wp-json\/wp\/v2\/types\/post"}],"author":[{"embeddable":true,"href":"https:\/\/www.caririemacao.com\/1\/wp-json\/wp\/v2\/users\/1"}],"replies":[{"embeddable":true,"href":"https:\/\/www.caririemacao.com\/1\/wp-json\/wp\/v2\/comments?post=82666"}],"version-history":[{"count":1,"href":"https:\/\/www.caririemacao.com\/1\/wp-json\/wp\/v2\/posts\/82666\/revisions"}],"predecessor-version":[{"id":82667,"href":"https:\/\/www.caririemacao.com\/1\/wp-json\/wp\/v2\/posts\/82666\/revisions\/82667"}],"wp:featuredmedia":[{"embeddable":true,"href":"https:\/\/www.caririemacao.com\/1\/wp-json\/wp\/v2\/media\/55568"}],"wp:attachment":[{"href":"https:\/\/www.caririemacao.com\/1\/wp-json\/wp\/v2\/media?parent=82666"}],"wp:term":[{"taxonomy":"category","embeddable":true,"href":"https:\/\/www.caririemacao.com\/1\/wp-json\/wp\/v2\/categories?post=82666"},{"taxonomy":"post_tag","embeddable":true,"href":"https:\/\/www.caririemacao.com\/1\/wp-json\/wp\/v2\/tags?post=82666"}],"curies":[{"name":"wp","href":"https:\/\/api.w.org\/{rel}","templated":true}]}}