{"id":82671,"date":"2019-01-31T08:51:58","date_gmt":"2019-01-31T11:51:58","guid":{"rendered":"http:\/\/www.caririemacao.com\/1\/?p=82671"},"modified":"2019-01-31T08:52:02","modified_gmt":"2019-01-31T11:52:02","slug":"prefeitura-de-camalau-paga-mes-de-janeiro-em-dia","status":"publish","type":"post","link":"https:\/\/www.caririemacao.com\/1\/2019\/01\/31\/prefeitura-de-camalau-paga-mes-de-janeiro-em-dia\/","title":{"rendered":"Prefeitura de Camala\u00fa paga m\u00eas de janeiro em dia"},"content":{"rendered":"\n<p>Mais uma vez o prefeito Sandro M\u00f4co demonstra a responsabilidade com a qual trata a gest\u00e3o p\u00fablica e o funcionalismo municipal em Camala\u00fa<br>O prefeito efetuou o cr\u00e9dito dos sal\u00e1rios dos servidores p\u00fablicos municipais nesta quarta feira, e desta forma cumpriu mais uma vez com o compromisso de pagar sempre em dia o funcionalismo municipal demonstrando assim sua seriedade e compet\u00eancia enquanto gestor.<br>Al\u00e9m disto, o prefeito anunciou esta semana durante a aberrtura de um evento educacional, que ir\u00e1 ratear em torno de 65.000,00 entre os docentes que integram a rede municipal de educa\u00e7\u00e3o de Camala\u00fa.<br>O prefeito anunciou tamb\u00e9m o reajuste do sal\u00e1rio dos professores e o sal\u00e1rio dos demais funcion\u00e1rios.<br>Pra completar Sandro M\u00f4co anunciou tamb\u00e9m o pagamento do ter\u00e7o de f\u00e9rias aos professores.<br>F\u00c1BIO BRITO<br><\/p>\n","protected":false},"excerpt":{"rendered":"<p>Mais uma vez o prefeito Sandro M\u00f4co demonstra a responsabilidade com a qual trata a gest\u00e3o p\u00fablica e o funcionalismo municipal em Camala\u00faO prefeito efetuou&hellip; <\/p>\n","protected":false},"author":1,"featured_media":51085,"comment_status":"closed","ping_status":"closed","sticky":false,"template":"","format":"standard","meta":{"sfsi_plus_gutenberg_text_before_share":"","sfsi_plus_gutenberg_show_text_before_share":"","sfsi_plus_gutenberg_icon_type":"","sfsi_plus_gutenberg_icon_alignemt":"","sfsi_plus_gutenburg_max_per_row":"","footnotes":""},"categories":[6],"tags":[],"class_list":["post-82671","post","type-post","status-publish","format-standard","has-post-thumbnail","hentry","category-cidades"],"_links":{"self":[{"href":"https:\/\/www.caririemacao.com\/1\/wp-json\/wp\/v2\/posts\/82671","targetHints":{"allow":["GET"]}}],"collection":[{"href":"https:\/\/www.caririemacao.com\/1\/wp-json\/wp\/v2\/posts"}],"about":[{"href":"https:\/\/www.caririemacao.com\/1\/wp-json\/wp\/v2\/types\/post"}],"author":[{"embeddable":true,"href":"https:\/\/www.caririemacao.com\/1\/wp-json\/wp\/v2\/users\/1"}],"replies":[{"embeddable":true,"href":"https:\/\/www.caririemacao.com\/1\/wp-json\/wp\/v2\/comments?post=82671"}],"version-history":[{"count":1,"href":"https:\/\/www.caririemacao.com\/1\/wp-json\/wp\/v2\/posts\/82671\/revisions"}],"predecessor-version":[{"id":82672,"href":"https:\/\/www.caririemacao.com\/1\/wp-json\/wp\/v2\/posts\/82671\/revisions\/82672"}],"wp:featuredmedia":[{"embeddable":true,"href":"https:\/\/www.caririemacao.com\/1\/wp-json\/wp\/v2\/media\/51085"}],"wp:attachment":[{"href":"https:\/\/www.caririemacao.com\/1\/wp-json\/wp\/v2\/media?parent=82671"}],"wp:term":[{"taxonomy":"category","embeddable":true,"href":"https:\/\/www.caririemacao.com\/1\/wp-json\/wp\/v2\/categories?post=82671"},{"taxonomy":"post_tag","embeddable":true,"href":"https:\/\/www.caririemacao.com\/1\/wp-json\/wp\/v2\/tags?post=82671"}],"curies":[{"name":"wp","href":"https:\/\/api.w.org\/{rel}","templated":true}]}}