{"id":82673,"date":"2019-01-31T08:54:13","date_gmt":"2019-01-31T11:54:13","guid":{"rendered":"http:\/\/www.caririemacao.com\/1\/?p=82673"},"modified":"2019-01-31T08:54:18","modified_gmt":"2019-01-31T11:54:18","slug":"ministro-da-economia-sinaliza-aumento-de-recursos-para-estados-e-municipios","status":"publish","type":"post","link":"https:\/\/www.caririemacao.com\/1\/2019\/01\/31\/ministro-da-economia-sinaliza-aumento-de-recursos-para-estados-e-municipios\/","title":{"rendered":"Ministro da Economia sinaliza aumento de recursos para estados e munic\u00edpios"},"content":{"rendered":"\n<p><br>Um grupo de prefeitos (da Frente Nacional de Prefeitos) foi recebido ontem pelo superministro da Economia, Paulo Guedes.<\/p>\n\n\n\n<p>Aos seus interlocutores, ele adiantou que o governo pretende encaminhar um projeto de mudan\u00e7a no \u00b4pacto federativo\u00b4 ap\u00f3s a tramita\u00e7\u00e3o da reforma previdenci\u00e1ria.<\/p>\n\n\n\n<p>Na proje\u00e7\u00e3o de Guedes, 60% dos recursos devem ser repassados para os munic\u00edpios, 30% para os estados e somente 10% ficar com a Uni\u00e3o.<\/p>\n\n\n\n<p>Na atualidade, 55% de tudo que se arrecada no pa\u00eds v\u00e3o para a Uni\u00e3o.<\/p>\n\n\n\n<p>25% s\u00e3o destinados aos estados e os governos municipais recebem 20%.<\/p>\n\n\n\n<p>Descontraidamente, o ministro at\u00e9 invocou um slogan eleitoral do presidente Jair Bolsonaro: \u201cMais Brasil e menos Bras\u00edlia\u201d.<\/p>\n\n\n\n<figure class=\"wp-block-image\"><img decoding=\"async\" data-src=\"https:\/\/paraibaonline.com.br\/wp-content\/uploads\/2019\/01\/paulo-guedes3101-1.jpg\" alt=\"Wilson Dias\/Ag\u00eancia Brasil\" class=\"wp-image-569186 lazyload\" src=\"data:image\/svg+xml;base64,PHN2ZyB3aWR0aD0iMSIgaGVpZ2h0PSIxIiB4bWxucz0iaHR0cDovL3d3dy53My5vcmcvMjAwMC9zdmciPjwvc3ZnPg==\" \/><\/figure>\n\n\n\n<p>Foto: Wilson Dias\/Ag\u00eancia Brasil<\/p>\n\n\n\n<p>Ainda na conversa, o titular da Pasta da Economia disse aos prefeitos que todos os servidores p\u00fablicos ser\u00e3o inclu\u00eddos na reforma da Previd\u00eancia, inclusive os militares.<\/p>\n\n\n\n<p>A proposta da reforma \u2013 a ser remetida ao Congresso Nacional na 3\u00aa semana de fevereiro \u2013 dever\u00e1 propor uma idade m\u00ednima para aposentadoria de 57 anos para as mulheres e 62 anos para os homens.<\/p>\n\n\n\n<p>Paulo Guedes ainda comentou com os prefeitos que o governo oscila entre duas propostas de reforma tribut\u00e1ria: implanta\u00e7\u00e3o do Imposto sobre Valor Agregado (IVA) ou a cria\u00e7\u00e3o de um imposto \u00fanico sobre movimenta\u00e7\u00e3o financeira.<\/p>\n\n\n\n<p>Um grupo de prefeitos (da Frente Nacional de Prefeitos) foi recebido ontem pelo superministro da Economia Paulo Guedes.<\/p>\n\n\n\n<p>Aos seus interlocutores, ele adiantou que o governo pretende encaminhar um projeto de mudan\u00e7a no \u00b4pacto federativo\u00b4 ap\u00f3s a tramita\u00e7\u00e3o da reforma previdenci\u00e1ria.<\/p>\n\n\n\n<p>Na proje\u00e7\u00e3o de Guedes, 60% dos recursos devem ser repassados para os munic\u00edpios, 30% para os estados e somente 10% ficar com a Uni\u00e3o.<\/p>\n","protected":false},"excerpt":{"rendered":"<p>Um grupo de prefeitos (da Frente Nacional de Prefeitos) foi recebido ontem pelo superministro da Economia, Paulo Guedes. Aos seus interlocutores, ele adiantou que o&hellip; <\/p>\n","protected":false},"author":1,"featured_media":82674,"comment_status":"closed","ping_status":"closed","sticky":false,"template":"","format":"standard","meta":{"sfsi_plus_gutenberg_text_before_share":"","sfsi_plus_gutenberg_show_text_before_share":"","sfsi_plus_gutenberg_icon_type":"","sfsi_plus_gutenberg_icon_alignemt":"","sfsi_plus_gutenburg_max_per_row":"","footnotes":""},"categories":[11],"tags":[],"class_list":["post-82673","post","type-post","status-publish","format-standard","has-post-thumbnail","hentry","category-politica"],"_links":{"self":[{"href":"https:\/\/www.caririemacao.com\/1\/wp-json\/wp\/v2\/posts\/82673","targetHints":{"allow":["GET"]}}],"collection":[{"href":"https:\/\/www.caririemacao.com\/1\/wp-json\/wp\/v2\/posts"}],"about":[{"href":"https:\/\/www.caririemacao.com\/1\/wp-json\/wp\/v2\/types\/post"}],"author":[{"embeddable":true,"href":"https:\/\/www.caririemacao.com\/1\/wp-json\/wp\/v2\/users\/1"}],"replies":[{"embeddable":true,"href":"https:\/\/www.caririemacao.com\/1\/wp-json\/wp\/v2\/comments?post=82673"}],"version-history":[{"count":1,"href":"https:\/\/www.caririemacao.com\/1\/wp-json\/wp\/v2\/posts\/82673\/revisions"}],"predecessor-version":[{"id":82675,"href":"https:\/\/www.caririemacao.com\/1\/wp-json\/wp\/v2\/posts\/82673\/revisions\/82675"}],"wp:featuredmedia":[{"embeddable":true,"href":"https:\/\/www.caririemacao.com\/1\/wp-json\/wp\/v2\/media\/82674"}],"wp:attachment":[{"href":"https:\/\/www.caririemacao.com\/1\/wp-json\/wp\/v2\/media?parent=82673"}],"wp:term":[{"taxonomy":"category","embeddable":true,"href":"https:\/\/www.caririemacao.com\/1\/wp-json\/wp\/v2\/categories?post=82673"},{"taxonomy":"post_tag","embeddable":true,"href":"https:\/\/www.caririemacao.com\/1\/wp-json\/wp\/v2\/tags?post=82673"}],"curies":[{"name":"wp","href":"https:\/\/api.w.org\/{rel}","templated":true}]}}