{"id":82679,"date":"2019-01-31T08:59:31","date_gmt":"2019-01-31T11:59:31","guid":{"rendered":"http:\/\/www.caririemacao.com\/1\/?p=82679"},"modified":"2019-01-31T08:59:34","modified_gmt":"2019-01-31T11:59:34","slug":"crianca-de-tres-anos-morre-atingida-por-televisao","status":"publish","type":"post","link":"https:\/\/www.caririemacao.com\/1\/2019\/01\/31\/crianca-de-tres-anos-morre-atingida-por-televisao\/","title":{"rendered":"Crian\u00e7a de tr\u00eas anos morre atingida por televis\u00e3o"},"content":{"rendered":"\n<p>Uma crian\u00e7a de tr\u00eas anos morreu, na madrugada desta quinta-feira (31), &nbsp;ap\u00f3s uma televis\u00e3o de 29 polegadas cair sobre ele, na cidade de Patos, no Sert\u00e3o paraibano.<\/p>\n\n\n\n<p>O fato aconteceu na manh\u00e3 de ontem quando Arthur Biusmark da Concei\u00e7\u00e3o Sousa assistia a televis\u00e3o, ainda de tubo, com a irm\u00e3.<\/p>\n\n\n\n<p>A crian\u00e7a tinha sido socorrida para o Hospital Infantil Noado Leite e, posteriormente, levada para o Hospital de Emerg\u00eancia e Trauma de Campina Grande por ter perdido muito sangue.<\/p>\n\n\n\n<p>Entretanto, ele n\u00e3o resistiu aos ferimentos e faleceu nas primeiras horas de hoje ap\u00f3s sofrer paradas card\u00edacas.<\/p>\n\n\n\n<p><strong>MaisPB<\/strong><\/p>\n","protected":false},"excerpt":{"rendered":"<p>Uma crian\u00e7a de tr\u00eas anos morreu, na madrugada desta quinta-feira (31), &nbsp;ap\u00f3s uma televis\u00e3o de 29 polegadas cair sobre ele, na cidade de Patos, no&hellip; <\/p>\n","protected":false},"author":1,"featured_media":40814,"comment_status":"closed","ping_status":"closed","sticky":false,"template":"","format":"standard","meta":{"sfsi_plus_gutenberg_text_before_share":"","sfsi_plus_gutenberg_show_text_before_share":"","sfsi_plus_gutenberg_icon_type":"","sfsi_plus_gutenberg_icon_alignemt":"","sfsi_plus_gutenburg_max_per_row":"","footnotes":""},"categories":[12],"tags":[],"class_list":["post-82679","post","type-post","status-publish","format-standard","has-post-thumbnail","hentry","category-policia"],"_links":{"self":[{"href":"https:\/\/www.caririemacao.com\/1\/wp-json\/wp\/v2\/posts\/82679","targetHints":{"allow":["GET"]}}],"collection":[{"href":"https:\/\/www.caririemacao.com\/1\/wp-json\/wp\/v2\/posts"}],"about":[{"href":"https:\/\/www.caririemacao.com\/1\/wp-json\/wp\/v2\/types\/post"}],"author":[{"embeddable":true,"href":"https:\/\/www.caririemacao.com\/1\/wp-json\/wp\/v2\/users\/1"}],"replies":[{"embeddable":true,"href":"https:\/\/www.caririemacao.com\/1\/wp-json\/wp\/v2\/comments?post=82679"}],"version-history":[{"count":1,"href":"https:\/\/www.caririemacao.com\/1\/wp-json\/wp\/v2\/posts\/82679\/revisions"}],"predecessor-version":[{"id":82680,"href":"https:\/\/www.caririemacao.com\/1\/wp-json\/wp\/v2\/posts\/82679\/revisions\/82680"}],"wp:featuredmedia":[{"embeddable":true,"href":"https:\/\/www.caririemacao.com\/1\/wp-json\/wp\/v2\/media\/40814"}],"wp:attachment":[{"href":"https:\/\/www.caririemacao.com\/1\/wp-json\/wp\/v2\/media?parent=82679"}],"wp:term":[{"taxonomy":"category","embeddable":true,"href":"https:\/\/www.caririemacao.com\/1\/wp-json\/wp\/v2\/categories?post=82679"},{"taxonomy":"post_tag","embeddable":true,"href":"https:\/\/www.caririemacao.com\/1\/wp-json\/wp\/v2\/tags?post=82679"}],"curies":[{"name":"wp","href":"https:\/\/api.w.org\/{rel}","templated":true}]}}