{"id":82682,"date":"2019-01-31T09:05:37","date_gmt":"2019-01-31T12:05:37","guid":{"rendered":"http:\/\/www.caririemacao.com\/1\/?p=82682"},"modified":"2019-01-31T09:05:41","modified_gmt":"2019-01-31T12:05:41","slug":"oposicao-decide-apoiar-adriano-galdino-para-presidente-da-al-no-1o-bienio-2o-nao-esta-indefinido","status":"publish","type":"post","link":"https:\/\/www.caririemacao.com\/1\/2019\/01\/31\/oposicao-decide-apoiar-adriano-galdino-para-presidente-da-al-no-1o-bienio-2o-nao-esta-indefinido\/","title":{"rendered":"Oposi\u00e7\u00e3o decide apoiar Adriano Galdino para presidente da AL no 1\u00ba bi\u00eanio; 2\u00ba n\u00e3o est\u00e1 indefinido"},"content":{"rendered":"\n<p>Em reuni\u00e3o realizada durante a tarde desta quarta-feira (30), os 12 deputados que comp\u00f5em a oposi\u00e7\u00e3o na Assembleia Legislativa do Estado decidiram apoiar Adriano Galdino (PSB) para presidir a Casa no primeiro bi\u00eanio.&nbsp;<\/p>\n\n\n\n<p>O apoio ao nome para o segundo bi\u00eanio n\u00e3o definido. Na disputa est\u00e3o os deputaedos Ti\u00e3o Gomes (Avante)&nbsp; e Herv\u00e1zio Bezerra (PSB).<\/p>\n\n\n\n<p>Os parlamentares revelaram que foram procurados pelo socialista para fechar composi\u00e7\u00e3o de cargos na mesa e comiss\u00f5es parlamentares, mas n\u00e3o houve nenhuma decis\u00e3o.<\/p>\n\n\n\n<p>Ainda durante a reuni\u00e3o ficou decidido que os deputados Raniery Paulino (MDB) e Walber Virgolino Patriotas&nbsp; ir\u00e3o disputar, na pr\u00f3xima semana, que ser\u00e1 o l\u00edder da bancada.&nbsp;Os nomes dos parlamentares foram aclamados pelo bloco oposicionista.<\/p>\n\n\n\n<p>Durante o encontro, os deputados adiaram a defini\u00e7\u00e3o de quais nomes da bancada v\u00e3o pleitear cargos na Mesa Diretora.<\/p>\n\n\n\n<p>No encontro ficou descartada a possibilidade da oposi\u00e7\u00e3o lan\u00e7ar nome para disputa.<\/p>\n\n\n\n<p><br><\/p>\n\n\n\n<p><strong>MaisPB<\/strong><\/p>\n","protected":false},"excerpt":{"rendered":"<p>Em reuni\u00e3o realizada durante a tarde desta quarta-feira (30), os 12 deputados que comp\u00f5em a oposi\u00e7\u00e3o na Assembleia Legislativa do Estado decidiram apoiar Adriano Galdino&hellip; <\/p>\n","protected":false},"author":1,"featured_media":82683,"comment_status":"closed","ping_status":"closed","sticky":false,"template":"","format":"standard","meta":{"sfsi_plus_gutenberg_text_before_share":"","sfsi_plus_gutenberg_show_text_before_share":"","sfsi_plus_gutenberg_icon_type":"","sfsi_plus_gutenberg_icon_alignemt":"","sfsi_plus_gutenburg_max_per_row":"","footnotes":""},"categories":[11],"tags":[],"class_list":["post-82682","post","type-post","status-publish","format-standard","has-post-thumbnail","hentry","category-politica"],"_links":{"self":[{"href":"https:\/\/www.caririemacao.com\/1\/wp-json\/wp\/v2\/posts\/82682","targetHints":{"allow":["GET"]}}],"collection":[{"href":"https:\/\/www.caririemacao.com\/1\/wp-json\/wp\/v2\/posts"}],"about":[{"href":"https:\/\/www.caririemacao.com\/1\/wp-json\/wp\/v2\/types\/post"}],"author":[{"embeddable":true,"href":"https:\/\/www.caririemacao.com\/1\/wp-json\/wp\/v2\/users\/1"}],"replies":[{"embeddable":true,"href":"https:\/\/www.caririemacao.com\/1\/wp-json\/wp\/v2\/comments?post=82682"}],"version-history":[{"count":1,"href":"https:\/\/www.caririemacao.com\/1\/wp-json\/wp\/v2\/posts\/82682\/revisions"}],"predecessor-version":[{"id":82684,"href":"https:\/\/www.caririemacao.com\/1\/wp-json\/wp\/v2\/posts\/82682\/revisions\/82684"}],"wp:featuredmedia":[{"embeddable":true,"href":"https:\/\/www.caririemacao.com\/1\/wp-json\/wp\/v2\/media\/82683"}],"wp:attachment":[{"href":"https:\/\/www.caririemacao.com\/1\/wp-json\/wp\/v2\/media?parent=82682"}],"wp:term":[{"taxonomy":"category","embeddable":true,"href":"https:\/\/www.caririemacao.com\/1\/wp-json\/wp\/v2\/categories?post=82682"},{"taxonomy":"post_tag","embeddable":true,"href":"https:\/\/www.caririemacao.com\/1\/wp-json\/wp\/v2\/tags?post=82682"}],"curies":[{"name":"wp","href":"https:\/\/api.w.org\/{rel}","templated":true}]}}