{"id":82686,"date":"2019-01-31T09:10:04","date_gmt":"2019-01-31T12:10:04","guid":{"rendered":"http:\/\/www.caririemacao.com\/1\/?p=82686"},"modified":"2019-01-31T09:10:11","modified_gmt":"2019-01-31T12:10:11","slug":"anvisa-e-fiocruz-oferecem-curso-de-qualidade-em-saude-e-seguranca-do-paciente","status":"publish","type":"post","link":"https:\/\/www.caririemacao.com\/1\/2019\/01\/31\/anvisa-e-fiocruz-oferecem-curso-de-qualidade-em-saude-e-seguranca-do-paciente\/","title":{"rendered":"Anvisa e Fiocruz oferecem Curso de Qualidade em Sa\u00fade e Seguran\u00e7a do Paciente"},"content":{"rendered":"\n<p>Est\u00e3o abertas, at\u00e9 \u00e0s 16 horas (hor\u00e1rio de Bras\u00edlia) do dia 28 de fevereiro de 2019, as inscri\u00e7\u00f5es para o processo seletivo de alunos para o Curso de Especializa\u00e7\u00e3o em Qualidade em Sa\u00fade e Seguran\u00e7a do Paciente que ser\u00e1 realizado por meio de parceria entre a Ag\u00eancia Nacional de Vigil\u00e2ncia Sanit\u00e1ria (Anvisa) e a Escola Nacional de Sa\u00fade P\u00fablica S\u00e9rgio Arouca, da Funda\u00e7\u00e3o Oswaldo Cruz (Ensp\/Fiocruz).<\/p>\n\n\n\n<p>O Edital de abertura das vagas foi publicado na segunda-feira (28) e est\u00e1 dispon\u00edvel no endere\u00e7o&nbsp;<a href=\"http:\/\/ensino.ensp.fiocruz.br\/documentos_upload\/Edital18.pdf\" target=\"_blank\" rel=\"noreferrer noopener\">ensino.ensp.fiocruz.br\/documentos_upload\/Edital18.pdf<\/a>. As inscri\u00e7\u00f5es ser\u00e3o feitas exclusivamente via Internet, devendo o candidato preencher o Formul\u00e1rio Eletr\u00f4nico de Inscri\u00e7\u00e3o (que est\u00e1 dispon\u00edvel no link&nbsp;<a href=\"http:\/\/inscricao.ead.fiocruz.br\/545\" target=\"_blank\" rel=\"noreferrer noopener\">http:\/\/inscricao.ead.fiocruz.br\/545<\/a>) e tamb\u00e9m anexar os documentos obrigat\u00f3rios relacionados no item 6.1.2 do edital, com arquivos em formato PDF com, no m\u00e1ximo, 1MB.<\/p>\n\n\n\n<p>A Especializa\u00e7\u00e3o ser\u00e1 realizada na modalidade Ensino a Dist\u00e2ncia (EAD), com encontros presenciais, e ter\u00e1 dura\u00e7\u00e3o estimada de treze meses. A carga hor\u00e1ria total \u00e9 de 448 horas, sendo 408 horas de aulas a dist\u00e2ncia e 40 horas de momentos presenciais, com despesas (deslocamento, alimenta\u00e7\u00e3o e eventual hospedagem) custeadas pelos pr\u00f3prios candidatos ou pelos hospitais ou institui\u00e7\u00f5es pelas quais forem indicados.<\/p>\n\n\n\n<p>Conforme disposto no edital, est\u00e3o sendo oferecidas 1000 vagas, das quais 888 s\u00e3o disponibilizadas para profissionais (portadores de diploma de n\u00edvel superior) que atuam nos servi\u00e7os de sa\u00fade (de prefer\u00eancia m\u00e9dicos, enfermeiros e farmac\u00eauticos) e 112 destinam-se a trabalhadores das Secretarias estaduais de Sa\u00fade que atuam no campo da Vigil\u00e2ncia Sanit\u00e1ria de Servi\u00e7os de Sa\u00fade e de outras \u00e1reas vinculadas \u00e0 seguran\u00e7a do paciente, e tamb\u00e9m a representantes do Comit\u00ea de Implementa\u00e7\u00e3o do Programa Nacional de Seguran\u00e7a do Paciente que atuam em \u00f3rg\u00e3os federais envolvidos com a seguran\u00e7a do paciente.<\/p>\n\n\n\n<p>Do total de 1000 vagas oferecidas, 100 est\u00e3o reservadas aos candidatos que se declararem pessoas com defici\u00eancia ou que se autodeclararem negros (pretos e pardos) ou ind\u00edgenas.<\/p>\n\n\n\n<p><strong>Objetivos \u2013<\/strong>&nbsp;O&nbsp;Curso de Especializa\u00e7\u00e3o em Qualidade em Sa\u00fade e Seguran\u00e7a do Paciente tem por objetivo contribuir para o di\u00e1logo entre os profissionais de sa\u00fade como forma de melhorar a qualidade dos servi\u00e7os prestados \u00e0 popula\u00e7\u00e3o. A ideia \u00e9&nbsp;proporcionar o desenvolvimento de compet\u00eancias e conhecimentos cient\u00edficos sobre quest\u00f5es da qualidade e da seguran\u00e7a do paciente como quest\u00f5es-chave da presta\u00e7\u00e3o de cuidados de sa\u00fade, para tornar o cuidado em sa\u00fade mais seguro.<\/p>\n\n\n\n<p><strong>Requisitos b\u00e1sicos \u2013<\/strong>&nbsp;Para ter acesso ao curso, os interessados devem atuar profissionalmente em hospitais p\u00fablicos com mais de 100 leitos, hospitais p\u00fablicos de ensino com pelo menos 100 leitos, hospitais p\u00fablicos universit\u00e1rios com mais de 100 leitos (incluindo os que fazem parte da Empresa Brasileira de Servi\u00e7os Hospitalares \u2013 Ebsehr), ou hospitais filantr\u00f3picos com mais de 100 leitos (com pelo menos 60% de leitos do SUS), devendo ser indicados pelos hospitais.<\/p>\n\n\n\n<p>Podem tamb\u00e9m atuar nas Secretarias estaduais de Sa\u00fade \u2013 sejam eles representantes das Secretarias estaduais de Sa\u00fade que atuam na Vigil\u00e2ncia Sanit\u00e1ria de Servi\u00e7os de Sa\u00fade ou servidores de outras \u00e1reas com atua\u00e7\u00e3o em seguran\u00e7a do paciente (aten\u00e7\u00e3o prim\u00e1ria \u00e0 sa\u00fade, aten\u00e7\u00e3o ambulatorial especializada, aten\u00e7\u00e3o hospitalar e assist\u00eancia farmac\u00eautica), ou ainda na Anvisa, no Minist\u00e9rio da Sa\u00fade, na Ag\u00eancia Nacional de Sa\u00fade Suplementar (ANS), na Fiocruz, na Ebserh Sede, no Conselho Nacional de Secret\u00e1rios de Sa\u00fade (Conass) ou no Conselho Nacional de Secretarias Municipais de Sa\u00fade (Conasems). Os representantes devem atuar no tema de seguran\u00e7a do paciente e ser indicados pelo Comit\u00ea.<\/p>\n\n\n\n<p><strong>Indica\u00e7\u00e3o e disponibilidade \u2013<\/strong>&nbsp;Para se inscrever no&nbsp;Curso de Qualidade em Sa\u00fade e Seguran\u00e7a do Paciente, os interessados devem apresentar carta de indica\u00e7\u00e3o assinada pelo respons\u00e1vel, informando a indica\u00e7\u00e3o e a libera\u00e7\u00e3o do profissional para o curso; ter habilidade para utilizar computadores e dispor de recursos \u00e1geis de conectividade (internet, e-mail, f\u00f3rum e&nbsp;<em>chat<\/em>); ter disponibilidade de oito horas semanais para o curso, e estar dispon\u00edvel para participar de tr\u00eas encontros presenciais, responsabilizando-se pelos eventuais custos decorrentes de alimenta\u00e7\u00e3o, deslocamento e hospedagem. Os encontros presenciais ser\u00e3o realizados nas Capitais das unidades federativas.<\/p>\n\n\n\n<p><strong>Certifica\u00e7\u00e3o \u2013<\/strong>&nbsp;Ao final do curso, a Ensp\/Fiocruz ir\u00e1 conferir os certificados de especializa\u00e7\u00e3o aos alunos que cumprirem as exig\u00eancias acad\u00eamicas, quais sejam: realizar todas as atividades propostas; alcan\u00e7ar, no m\u00ednimo, o conceito C em cada uma das unidades de aprendizagem, nas duas avalia\u00e7\u00f5es presenciais e no Trabalho de Conclus\u00e3o do Curso (TCC); cumprir o prazo m\u00e1ximo de finaliza\u00e7\u00e3o das unidades e do TCC, a contar da data de in\u00edcio do curso; e entregar a documenta\u00e7\u00e3o exigida no momento da matr\u00edcula.<\/p>\n\n\n\n<p>Outras informa\u00e7\u00f5es complementares podem ser adquiridas no portal da Anvisa (<a href=\"http:\/\/www.portal.anvisa.gov.br\/\" target=\"_blank\" rel=\"noreferrer noopener\">portal.anvisa.gov.br<\/a>) ou na p\u00e1gina de cursos EAD da Fiocruz (<a href=\"http:\/\/www.ead.fiocruz.br\/cursos\/2390\" target=\"_blank\" rel=\"noreferrer noopener\">http:\/\/www.ead.fiocruz.br\/cursos\/2390<\/a>).<\/p>\n\n\n\n<p>Assessoria&nbsp;<\/p>\n","protected":false},"excerpt":{"rendered":"<p>Est\u00e3o abertas, at\u00e9 \u00e0s 16 horas (hor\u00e1rio de Bras\u00edlia) do dia 28 de fevereiro de 2019, as inscri\u00e7\u00f5es para o processo seletivo de alunos para&hellip; <\/p>\n","protected":false},"author":1,"featured_media":82687,"comment_status":"closed","ping_status":"closed","sticky":false,"template":"","format":"standard","meta":{"sfsi_plus_gutenberg_text_before_share":"","sfsi_plus_gutenberg_show_text_before_share":"","sfsi_plus_gutenberg_icon_type":"","sfsi_plus_gutenberg_icon_alignemt":"","sfsi_plus_gutenburg_max_per_row":"","footnotes":""},"categories":[16],"tags":[],"class_list":["post-82686","post","type-post","status-publish","format-standard","has-post-thumbnail","hentry","category-saude"],"_links":{"self":[{"href":"https:\/\/www.caririemacao.com\/1\/wp-json\/wp\/v2\/posts\/82686","targetHints":{"allow":["GET"]}}],"collection":[{"href":"https:\/\/www.caririemacao.com\/1\/wp-json\/wp\/v2\/posts"}],"about":[{"href":"https:\/\/www.caririemacao.com\/1\/wp-json\/wp\/v2\/types\/post"}],"author":[{"embeddable":true,"href":"https:\/\/www.caririemacao.com\/1\/wp-json\/wp\/v2\/users\/1"}],"replies":[{"embeddable":true,"href":"https:\/\/www.caririemacao.com\/1\/wp-json\/wp\/v2\/comments?post=82686"}],"version-history":[{"count":1,"href":"https:\/\/www.caririemacao.com\/1\/wp-json\/wp\/v2\/posts\/82686\/revisions"}],"predecessor-version":[{"id":82688,"href":"https:\/\/www.caririemacao.com\/1\/wp-json\/wp\/v2\/posts\/82686\/revisions\/82688"}],"wp:featuredmedia":[{"embeddable":true,"href":"https:\/\/www.caririemacao.com\/1\/wp-json\/wp\/v2\/media\/82687"}],"wp:attachment":[{"href":"https:\/\/www.caririemacao.com\/1\/wp-json\/wp\/v2\/media?parent=82686"}],"wp:term":[{"taxonomy":"category","embeddable":true,"href":"https:\/\/www.caririemacao.com\/1\/wp-json\/wp\/v2\/categories?post=82686"},{"taxonomy":"post_tag","embeddable":true,"href":"https:\/\/www.caririemacao.com\/1\/wp-json\/wp\/v2\/tags?post=82686"}],"curies":[{"name":"wp","href":"https:\/\/api.w.org\/{rel}","templated":true}]}}