{"id":82693,"date":"2019-01-31T09:25:26","date_gmt":"2019-01-31T12:25:26","guid":{"rendered":"http:\/\/www.caririemacao.com\/1\/?p=82693"},"modified":"2019-01-31T09:25:30","modified_gmt":"2019-01-31T12:25:30","slug":"urgente-uso-de-capacete-habilitacao-e-veiculo-em-dia-passa-a-ser-obrigatorio-em-monteiro-entenda","status":"publish","type":"post","link":"https:\/\/www.caririemacao.com\/1\/2019\/01\/31\/urgente-uso-de-capacete-habilitacao-e-veiculo-em-dia-passa-a-ser-obrigatorio-em-monteiro-entenda\/","title":{"rendered":"Urgente: Uso de capacete, habilita\u00e7\u00e3o e ve\u00edculo em dia passa a ser obrigat\u00f3rio em Monteiro; entenda"},"content":{"rendered":"\n<p>Ap\u00f3s&nbsp;conv\u00eanio firmado entre a Autarquia de Tr\u00e2nsito do munic\u00edpio e o 11\u00ba Batalh\u00e3o de Pol\u00edcia Militar, a fiscaliza\u00e7\u00e3o do transito, que seria fun\u00e7\u00e3o da autarquia municipal de transito&nbsp;(MONTRAN)&nbsp;passa a ser dividida com o efetivo da PM e blitz se tornam rotineira na cidade de Monteiro.<\/p>\n\n\n\n<p>O Uso de capacete, cinto de seguran\u00e7a, carteira de habilita\u00e7\u00e3o e documenta\u00e7\u00e3o do ve\u00edculo em dia passa a ser obrigat\u00f3rio para condutores que circularem pela cidade.<\/p>\n\n\n\n<p>De acordo com a entrevista concedida pelo Major Bruno, do 11\u00ba BPM, ao Jornalista Edvaldo Reis, ele afirmou que recentemente a Pol\u00edcia recebeu os equipamentos de baf\u00f3metros e talon\u00e1rio eletr\u00f4nicos para aferi\u00e7\u00e3o e notifica\u00e7\u00f5es digitais das multas e infra\u00e7\u00e3o de tr\u00e2nsito. O conv\u00eanio j\u00e1 est\u00e1 em vigor desde est\u00e1 quarta-feira (30) e os PMS j\u00e1 est\u00e3o habilitara a executar a nova funcionalidade que foi atribu\u00edda ao efetivo.<\/p>\n\n\n\n<p><strong>O Com\u00e9rcio<\/strong><\/p>\n\n\n\n<p>Grande parte dos condutores que tem baixo poder aquisitivo n\u00e3o tem carteira de Habilita\u00e7\u00e3o e boa parte dos ve\u00edculos est\u00e3o com IPVA e emplacamentos atrasados o que deve reduzir drasticamente o fluxo pela cidade.<\/p>\n\n\n\n<p>O efeito dever\u00e1 ser sentido no pr\u00f3ximo s\u00e1bado (02) na cidade de Monteiro, dia de maior movimenta\u00e7\u00e3o, onde os moradores da Zona Rural, Produtores Rurais e consumidores de outros munic\u00edpios vem at\u00e9 Monteiro realizar as compras e comercializar produtos que s\u00e3o de origem do campo dessa forma aquecer a economia semanalmente.<\/p>\n\n\n\n<p><\/p>\n\n\n\n<p><em>Portal TV Cariri<\/em><\/p>\n","protected":false},"excerpt":{"rendered":"<p>Ap\u00f3s&nbsp;conv\u00eanio firmado entre a Autarquia de Tr\u00e2nsito do munic\u00edpio e o 11\u00ba Batalh\u00e3o de Pol\u00edcia Militar, a fiscaliza\u00e7\u00e3o do transito, que seria fun\u00e7\u00e3o da autarquia&hellip; <\/p>\n","protected":false},"author":1,"featured_media":39888,"comment_status":"closed","ping_status":"closed","sticky":false,"template":"","format":"standard","meta":{"sfsi_plus_gutenberg_text_before_share":"","sfsi_plus_gutenberg_show_text_before_share":"","sfsi_plus_gutenberg_icon_type":"","sfsi_plus_gutenberg_icon_alignemt":"","sfsi_plus_gutenburg_max_per_row":"","footnotes":""},"categories":[50,2],"tags":[],"class_list":["post-82693","post","type-post","status-publish","format-standard","has-post-thumbnail","hentry","category-destaque","category-geral"],"_links":{"self":[{"href":"https:\/\/www.caririemacao.com\/1\/wp-json\/wp\/v2\/posts\/82693","targetHints":{"allow":["GET"]}}],"collection":[{"href":"https:\/\/www.caririemacao.com\/1\/wp-json\/wp\/v2\/posts"}],"about":[{"href":"https:\/\/www.caririemacao.com\/1\/wp-json\/wp\/v2\/types\/post"}],"author":[{"embeddable":true,"href":"https:\/\/www.caririemacao.com\/1\/wp-json\/wp\/v2\/users\/1"}],"replies":[{"embeddable":true,"href":"https:\/\/www.caririemacao.com\/1\/wp-json\/wp\/v2\/comments?post=82693"}],"version-history":[{"count":1,"href":"https:\/\/www.caririemacao.com\/1\/wp-json\/wp\/v2\/posts\/82693\/revisions"}],"predecessor-version":[{"id":82697,"href":"https:\/\/www.caririemacao.com\/1\/wp-json\/wp\/v2\/posts\/82693\/revisions\/82697"}],"wp:featuredmedia":[{"embeddable":true,"href":"https:\/\/www.caririemacao.com\/1\/wp-json\/wp\/v2\/media\/39888"}],"wp:attachment":[{"href":"https:\/\/www.caririemacao.com\/1\/wp-json\/wp\/v2\/media?parent=82693"}],"wp:term":[{"taxonomy":"category","embeddable":true,"href":"https:\/\/www.caririemacao.com\/1\/wp-json\/wp\/v2\/categories?post=82693"},{"taxonomy":"post_tag","embeddable":true,"href":"https:\/\/www.caririemacao.com\/1\/wp-json\/wp\/v2\/tags?post=82693"}],"curies":[{"name":"wp","href":"https:\/\/api.w.org\/{rel}","templated":true}]}}