{"id":82707,"date":"2019-01-31T09:32:23","date_gmt":"2019-01-31T12:32:23","guid":{"rendered":"http:\/\/www.caririemacao.com\/1\/?p=82707"},"modified":"2019-01-31T09:32:27","modified_gmt":"2019-01-31T12:32:27","slug":"empresas-tem-ate-hoje-para-regularizar-debitos-no-simples-nacional","status":"publish","type":"post","link":"https:\/\/www.caririemacao.com\/1\/2019\/01\/31\/empresas-tem-ate-hoje-para-regularizar-debitos-no-simples-nacional\/","title":{"rendered":"Empresas t\u00eam at\u00e9 hoje para regularizar d\u00e9bitos no Simples Nacional"},"content":{"rendered":"\n<p>Cerca de 521 mil micro e pequenas empresas exclu\u00eddas do Simples Nacional t\u00eam at\u00e9\u00a0hoje\u00a0(31) para regularizar a situa\u00e7\u00e3o e retornar ao programa. O regime especial beneficia as empresas de menor porte com o pagamento simplificado de tributos federais, estaduais e municipais.<\/p>\n\n\n\n<p>A consulta \u00e0 situa\u00e7\u00e3o fiscal da empresa e os pedidos de regulariza\u00e7\u00e3o&nbsp;<a href=\"http:\/\/www8.receita.fazenda.gov.br\/simplesnacional\/\" target=\"_blank\" rel=\"noreferrer noopener\">podem ser feitos&nbsp;<\/a>por meio do Portal do Simples Nacional na internet.<\/p>\n\n\n\n<p>Em setembro, 732.664 empresas haviam sido notificadas de d\u00e9bitos previdenci\u00e1rios e n\u00e3o previdenci\u00e1rios com a Receita e a Procuradoria-Geral da Fazenda Nacional. Quem n\u00e3o regularizou a situa\u00e7\u00e3o foi exclu\u00eddo em 1\u00ba de janeiro.<\/p>\n\n\n\n<p>As empresas exclu\u00eddas deviam R$ 14,46 bilh\u00f5es ao Simples. Elas podem retornar ao regime especial, desde que quitem os d\u00e9bitos at\u00e9&nbsp;hoje. A d\u00edvida pode ser paga \u00e0 vista ou seguir o parcelamento ordin\u00e1rio, em at\u00e9 cinco anos, com pagamento de multas e juros.<\/p>\n\n\n\n<p>Regime simplificado de pagamentos de tributos federais, estaduais e municipais, o Simples Nacional beneficia micro e pequenas empresas que faturam at\u00e9 R$ 4,8 milh\u00f5es por ano. O pagamento \u00e9 unificado em uma guia \u00fanica, com al\u00edquotas reduzidas que variam conforme o tamanho da empresa.<\/p>\n\n\n\n<p><\/p>\n\n\n\n<p>EBC<\/p>\n","protected":false},"excerpt":{"rendered":"<p>Cerca de 521 mil micro e pequenas empresas exclu\u00eddas do Simples Nacional t\u00eam at\u00e9\u00a0hoje\u00a0(31) para regularizar a situa\u00e7\u00e3o e retornar ao programa. O regime especial&hellip; <\/p>\n","protected":false},"author":1,"featured_media":65263,"comment_status":"closed","ping_status":"closed","sticky":false,"template":"","format":"standard","meta":{"sfsi_plus_gutenberg_text_before_share":"","sfsi_plus_gutenberg_show_text_before_share":"","sfsi_plus_gutenberg_icon_type":"","sfsi_plus_gutenberg_icon_alignemt":"","sfsi_plus_gutenburg_max_per_row":"","footnotes":""},"categories":[2],"tags":[],"class_list":["post-82707","post","type-post","status-publish","format-standard","has-post-thumbnail","hentry","category-geral"],"_links":{"self":[{"href":"https:\/\/www.caririemacao.com\/1\/wp-json\/wp\/v2\/posts\/82707","targetHints":{"allow":["GET"]}}],"collection":[{"href":"https:\/\/www.caririemacao.com\/1\/wp-json\/wp\/v2\/posts"}],"about":[{"href":"https:\/\/www.caririemacao.com\/1\/wp-json\/wp\/v2\/types\/post"}],"author":[{"embeddable":true,"href":"https:\/\/www.caririemacao.com\/1\/wp-json\/wp\/v2\/users\/1"}],"replies":[{"embeddable":true,"href":"https:\/\/www.caririemacao.com\/1\/wp-json\/wp\/v2\/comments?post=82707"}],"version-history":[{"count":1,"href":"https:\/\/www.caririemacao.com\/1\/wp-json\/wp\/v2\/posts\/82707\/revisions"}],"predecessor-version":[{"id":82713,"href":"https:\/\/www.caririemacao.com\/1\/wp-json\/wp\/v2\/posts\/82707\/revisions\/82713"}],"wp:featuredmedia":[{"embeddable":true,"href":"https:\/\/www.caririemacao.com\/1\/wp-json\/wp\/v2\/media\/65263"}],"wp:attachment":[{"href":"https:\/\/www.caririemacao.com\/1\/wp-json\/wp\/v2\/media?parent=82707"}],"wp:term":[{"taxonomy":"category","embeddable":true,"href":"https:\/\/www.caririemacao.com\/1\/wp-json\/wp\/v2\/categories?post=82707"},{"taxonomy":"post_tag","embeddable":true,"href":"https:\/\/www.caririemacao.com\/1\/wp-json\/wp\/v2\/tags?post=82707"}],"curies":[{"name":"wp","href":"https:\/\/api.w.org\/{rel}","templated":true}]}}