{"id":82718,"date":"2019-01-31T09:35:41","date_gmt":"2019-01-31T12:35:41","guid":{"rendered":"http:\/\/www.caririemacao.com\/1\/?p=82718"},"modified":"2019-01-31T09:35:43","modified_gmt":"2019-01-31T12:35:43","slug":"prefeitura-de-monteiro-esclarece-informacoes-inveridicas-divulgadas-em-radio-comunitaria","status":"publish","type":"post","link":"https:\/\/www.caririemacao.com\/1\/2019\/01\/31\/prefeitura-de-monteiro-esclarece-informacoes-inveridicas-divulgadas-em-radio-comunitaria\/","title":{"rendered":"Prefeitura de Monteiro esclarece informa\u00e7\u00f5es inver\u00eddicas divulgadas em r\u00e1dio comunit\u00e1ria"},"content":{"rendered":"\n<p>A Prefeitura Municipal de Monteiro, por meio da Secretaria de Comunica\u00e7\u00e3o, emitiu uma nota na manh\u00e3 desta quinta-feira (31), esclarecendo informa\u00e7\u00f5es inver\u00eddicas divulgadas em uma emissora de r\u00e1dio comunit\u00e1ria de Monteiro, usada para fazer ataques a gest\u00e3o municipal.<\/p>\n\n\n\n<p><strong>NOTA<\/strong>&nbsp;<strong>DE<\/strong>&nbsp;<strong>ESCLARECIMENTO:<\/strong><\/p>\n\n\n\n<p>A Prefeitura Municipal de Monteiro, por meio da Secretaria de Comunica\u00e7\u00e3o Social, levando em considera\u00e7\u00e3o a divulga\u00e7\u00e3o de not\u00edcias inver\u00eddicas e informa\u00e7\u00f5es distorcidas veiculadas na emissora de R\u00e1dio Imprensa FM, nesta quarta-feira, dia 30, no programa Microfone Aberto, quando de forma irrespons\u00e1vel os apresentadores afirmaram que o munic\u00edpio teria firmado conv\u00eanio com a Pol\u00edcia Militar para criar em Monteiro a \u201cind\u00fastria da multa de tr\u00e2nsito\u201d, vem a p\u00fablico esclarecer que:<\/p>\n\n\n\n<p>A atual gest\u00e3o municipal, em nenhum momento teve interesse, e, jamais criou a \u201cind\u00fastria da multa\u201d, como inescrupulosamente disse os apresentadores do programa veiculado na desacreditada r\u00e1dio Imprensa FM, mas, tem todo interesse em firmar conv\u00eanio com a Pol\u00edcia Militar em busca de oferecer uma maior seguran\u00e7a aos mun\u00edcipes, evitando atos infracionais e fortalecendo o cumprimento do dever legal de fiscalizar, o que assegura o bem estar do cidad\u00e3o de bem, a fam\u00edlia e a sociedade em geral.<\/p>\n\n\n\n<p>A a\u00e7\u00e3o do Munic\u00edpio juntamente com a Pol\u00edcia Militar na fiscaliza\u00e7\u00e3o do tr\u00e2nsito em Monteiro, conta com o apoio do Minist\u00e9rio P\u00fablico Estadual e Federal, da Comiss\u00e3o Municipal de Seguran\u00e7a P\u00fablica, e o seu objetivo primordial \u00e9 fortalecer a seguran\u00e7a no Munic\u00edpio e, por conseguinte o melhoramento do tr\u00e2nsito com a\u00e7\u00f5es preventivas contra atos infracionais, tais como acidentes de tr\u00e2nsito, que n\u00e3o raras vezes matam e mutilam pessoas prejudicando fam\u00edlias inteiras, al\u00e9m da circula\u00e7\u00e3o de ve\u00edculos com restri\u00e7\u00f5es junto aos \u00f3rg\u00e3os de tr\u00e2nsito em decorr\u00eancia de roubos, furtos e etc.<\/p>\n\n\n\n<p>A atua\u00e7\u00e3o conjunta desses \u00f3rg\u00e3os legais \u00e9 movida pelo interesse comum em salvar vidas, bem como em diminuir a criminalidade e a viol\u00eancia no tr\u00e2nsito em Monteiro.<\/p>\n\n\n\n<p>O objetivo da Prefeitura de Monteiro \u00e9 formar parcerias com entidades governamentais, sociedade civil e todos os entes que queiram contribuir, para que juntos possamos fazer de Monteiro uma cidade cada vez melhor.<\/p>\n\n\n\n<p>Monteiro, 30 de janeiro de 2019<\/p>\n\n\n\n<p>ANNA LORENA DE FARIAS LEITE N\u00d3BREGA&nbsp;<\/p>\n\n\n\n<p>Prefeita<\/p>\n\n\n\n<p>FRED MENEZES<\/p>\n\n\n\n<p>Secret\u00e1rio de Comunica\u00e7\u00e3o<\/p>\n","protected":false},"excerpt":{"rendered":"<p>A Prefeitura Municipal de Monteiro, por meio da Secretaria de Comunica\u00e7\u00e3o, emitiu uma nota na manh\u00e3 desta quinta-feira (31), esclarecendo informa\u00e7\u00f5es inver\u00eddicas divulgadas em uma&hellip; <\/p>\n","protected":false},"author":1,"featured_media":55550,"comment_status":"closed","ping_status":"closed","sticky":false,"template":"","format":"standard","meta":{"sfsi_plus_gutenberg_text_before_share":"","sfsi_plus_gutenberg_show_text_before_share":"","sfsi_plus_gutenberg_icon_type":"","sfsi_plus_gutenberg_icon_alignemt":"","sfsi_plus_gutenburg_max_per_row":"","footnotes":""},"categories":[6],"tags":[],"class_list":["post-82718","post","type-post","status-publish","format-standard","has-post-thumbnail","hentry","category-cidades"],"_links":{"self":[{"href":"https:\/\/www.caririemacao.com\/1\/wp-json\/wp\/v2\/posts\/82718","targetHints":{"allow":["GET"]}}],"collection":[{"href":"https:\/\/www.caririemacao.com\/1\/wp-json\/wp\/v2\/posts"}],"about":[{"href":"https:\/\/www.caririemacao.com\/1\/wp-json\/wp\/v2\/types\/post"}],"author":[{"embeddable":true,"href":"https:\/\/www.caririemacao.com\/1\/wp-json\/wp\/v2\/users\/1"}],"replies":[{"embeddable":true,"href":"https:\/\/www.caririemacao.com\/1\/wp-json\/wp\/v2\/comments?post=82718"}],"version-history":[{"count":1,"href":"https:\/\/www.caririemacao.com\/1\/wp-json\/wp\/v2\/posts\/82718\/revisions"}],"predecessor-version":[{"id":82726,"href":"https:\/\/www.caririemacao.com\/1\/wp-json\/wp\/v2\/posts\/82718\/revisions\/82726"}],"wp:featuredmedia":[{"embeddable":true,"href":"https:\/\/www.caririemacao.com\/1\/wp-json\/wp\/v2\/media\/55550"}],"wp:attachment":[{"href":"https:\/\/www.caririemacao.com\/1\/wp-json\/wp\/v2\/media?parent=82718"}],"wp:term":[{"taxonomy":"category","embeddable":true,"href":"https:\/\/www.caririemacao.com\/1\/wp-json\/wp\/v2\/categories?post=82718"},{"taxonomy":"post_tag","embeddable":true,"href":"https:\/\/www.caririemacao.com\/1\/wp-json\/wp\/v2\/tags?post=82718"}],"curies":[{"name":"wp","href":"https:\/\/api.w.org\/{rel}","templated":true}]}}