{"id":82736,"date":"2019-01-31T10:06:38","date_gmt":"2019-01-31T13:06:38","guid":{"rendered":"http:\/\/www.caririemacao.com\/1\/?p=82736"},"modified":"2019-01-31T10:06:41","modified_gmt":"2019-01-31T13:06:41","slug":"prazo-para-pagamento-do-ipva-de-placa-com-final-1-termina-nesta-quinta","status":"publish","type":"post","link":"https:\/\/www.caririemacao.com\/1\/2019\/01\/31\/prazo-para-pagamento-do-ipva-de-placa-com-final-1-termina-nesta-quinta\/","title":{"rendered":"Prazo para pagamento do IPVA de placa com final 1 termina nesta quinta"},"content":{"rendered":"\n<p>Os propriet\u00e1rios de ve\u00edculos de placa final 1 no estado da Para\u00edba t\u00eam prazo at\u00e9 o dia 31 de janeiro para efetuar o pagamento do\u00a0IPVA\u00a0(Imposto Sobre a Propriedade de Ve\u00edculos Automotores). Essa \u00e9 tamb\u00e9m a data limite da placa final 1 para aqueles que requereram a isen\u00e7\u00e3o do tributo e v\u00e3o precisar agora realizar a comprova\u00e7\u00e3o dos documentos na reparti\u00e7\u00e3o fiscal mais pr\u00f3xima do seu domic\u00edlio.<\/p>\n\n\n\n<p>Os contribuintes continuam com tr\u00eas op\u00e7\u00f5es de pagamento do\u00a0IPVA. A primeira \u00e9 a cota \u00fanica com desconto de 10% \u00e0 vista. A segunda op\u00e7\u00e3o \u00e9 o pagamento em tr\u00eas parcelas sem desconto, sendo a primeira com vencimento no dia 31 deste m\u00eas. A terceira op\u00e7\u00e3o \u00e9 o pagamento total do\u00a0IPVA\u00a0apenas no dia 29 de mar\u00e7o, mas sem o desconto de 10%.<\/p>\n\n\n\n<p><strong>Impress\u00e3o dos boletos via Portais \u2013<\/strong>&nbsp;Os boletos do&nbsp;IPVA\/licenciamento dever\u00e3o ser impressos por meio da internet. O boleto estar\u00e1 disponibilizado no portal da Secretaria de Estado da Receita:&nbsp;<a href=\"http:\/\/www.receita.pb.gov.br\/\">www.receita.pb.gov.br<\/a>,&nbsp;mas tamb\u00e9m do Detran-PB:&nbsp;<a href=\"http:\/\/www.detran.pb.gov.br\/\">http:\/\/www.detran.pb.gov.br\/<\/a>&nbsp;. O boleto poder\u00e1 ser impresso, preferencialmente, em uma reparti\u00e7\u00e3o fiscal (Recebedoria de Renda ou Coletoria) ou ent\u00e3o nas unidades do Detran-PB. O pagamento pode ser efetuado nas ag\u00eancias do banco Bradesco, no servi\u00e7o de autoatendimento, ou de forma mais pr\u00e1tica no mobile banking \u2013 aplicativo dispon\u00edvel pelo Bradesco para aparelhos m\u00f3veis como smartphones.<\/p>\n\n\n\n<p>O total da frota em 2019 ser\u00e1 de mais de 1,290 milh\u00e3o de ve\u00edculos no Estado da Para\u00edba, mas a frota tribut\u00e1vel \u00e9 de 931,5 mil ve\u00edculos. A redu\u00e7\u00e3o do valor do tributo nos diversos segmentos de ve\u00edculos vai oscilar entre 3,14%&nbsp;&nbsp;e&nbsp;&nbsp;4,57%. Por segmento, os caminh\u00f5es ter\u00e3o a maior redu\u00e7\u00e3o m\u00e9dia do tributo (-4,57%), enquanto motos e similares ter\u00e3o as menores quedas (-3,14%). O&nbsp;IPVA&nbsp;sobre os carros de passeio\/autom\u00f3veis ter\u00e1 redu\u00e7\u00e3o m\u00e9dia de 3,12% e camionetes e utilit\u00e1rios com uma queda um pouco maior (3,19%). J\u00e1 a redu\u00e7\u00e3o m\u00e9dia considera todos os tipos de ve\u00edculos tribut\u00e1veis, como autom\u00f3veis, motos, utilit\u00e1rios, \u00f4nibus e caminh\u00f5es.<\/p>\n\n\n\n\n\n<p><strong>Comprova\u00e7\u00e3o da isen\u00e7\u00e3o da placa final 1 \u2013<\/strong>&nbsp;As categorias como taxistas, portadores de defici\u00eancia (f\u00edsica, visual, mental ou autista), ve\u00edculos cadastrados no Minist\u00e9rio do Turismo na qualidade de transporte tur\u00edstico; motofrentistas e de motoboys at\u00e9 150 cc (cilindradas), de placa final 1, que requereram no ano passado a isen\u00e7\u00e3o do&nbsp;IPVA, precisam, agora, comprovar com documenta\u00e7\u00e3o at\u00e9 o dia 31 de janeiro na reparti\u00e7\u00e3o fiscal para gozar do direito em 2019. Neste mesmo dia, essas categorias j\u00e1 podem requerer a isen\u00e7\u00e3o de 2020.<\/p>\n\n\n\n<p>Contudo, esses ve\u00edculos n\u00e3o ficar\u00e3o isentos das demais taxas que envolvem o emplacamento, como seguro obrigat\u00f3rio (Dpvat), licenciamento do Detran-PB e a Taxa de Bombeiro.<\/p>\n\n\n\n<p><strong>Calend\u00e1rio do&nbsp;IPVA&nbsp;2019 \u2013<\/strong>&nbsp;Os propriet\u00e1rios de ve\u00edculos ter\u00e3o mais uma vez um calend\u00e1rio ampliado para realizar o pagamento do tributo em 2019. A data limite de vencimento ser\u00e1 o \u00faltimo dia \u00fatil de cada m\u00eas no per\u00edodo de janeiro a outubro para quem optar pelo pagamento da cota \u00fanica \u00e0 vista ou ent\u00e3o pelo parcelamento. Por exemplo, o propriet\u00e1rio com placa final 1, a data limite de vencimento ser\u00e1 o dia 31 de janeiro de 2019, enquanto a placa final 2 ser\u00e1 o dia 28 de fevereiro.<\/p>\n","protected":false},"excerpt":{"rendered":"<p>Os propriet\u00e1rios de ve\u00edculos de placa final 1 no estado da Para\u00edba t\u00eam prazo at\u00e9 o dia 31 de janeiro para efetuar o pagamento do\u00a0IPVA\u00a0(Imposto&hellip; <\/p>\n","protected":false},"author":1,"featured_media":9583,"comment_status":"closed","ping_status":"closed","sticky":false,"template":"","format":"standard","meta":{"sfsi_plus_gutenberg_text_before_share":"","sfsi_plus_gutenberg_show_text_before_share":"","sfsi_plus_gutenberg_icon_type":"","sfsi_plus_gutenberg_icon_alignemt":"","sfsi_plus_gutenburg_max_per_row":"","footnotes":""},"categories":[2],"tags":[],"class_list":["post-82736","post","type-post","status-publish","format-standard","has-post-thumbnail","hentry","category-geral"],"_links":{"self":[{"href":"https:\/\/www.caririemacao.com\/1\/wp-json\/wp\/v2\/posts\/82736","targetHints":{"allow":["GET"]}}],"collection":[{"href":"https:\/\/www.caririemacao.com\/1\/wp-json\/wp\/v2\/posts"}],"about":[{"href":"https:\/\/www.caririemacao.com\/1\/wp-json\/wp\/v2\/types\/post"}],"author":[{"embeddable":true,"href":"https:\/\/www.caririemacao.com\/1\/wp-json\/wp\/v2\/users\/1"}],"replies":[{"embeddable":true,"href":"https:\/\/www.caririemacao.com\/1\/wp-json\/wp\/v2\/comments?post=82736"}],"version-history":[{"count":1,"href":"https:\/\/www.caririemacao.com\/1\/wp-json\/wp\/v2\/posts\/82736\/revisions"}],"predecessor-version":[{"id":82737,"href":"https:\/\/www.caririemacao.com\/1\/wp-json\/wp\/v2\/posts\/82736\/revisions\/82737"}],"wp:featuredmedia":[{"embeddable":true,"href":"https:\/\/www.caririemacao.com\/1\/wp-json\/wp\/v2\/media\/9583"}],"wp:attachment":[{"href":"https:\/\/www.caririemacao.com\/1\/wp-json\/wp\/v2\/media?parent=82736"}],"wp:term":[{"taxonomy":"category","embeddable":true,"href":"https:\/\/www.caririemacao.com\/1\/wp-json\/wp\/v2\/categories?post=82736"},{"taxonomy":"post_tag","embeddable":true,"href":"https:\/\/www.caririemacao.com\/1\/wp-json\/wp\/v2\/tags?post=82736"}],"curies":[{"name":"wp","href":"https:\/\/api.w.org\/{rel}","templated":true}]}}