{"id":82745,"date":"2019-01-31T10:34:46","date_gmt":"2019-01-31T13:34:46","guid":{"rendered":"http:\/\/www.caririemacao.com\/1\/?p=82745"},"modified":"2019-01-31T10:34:49","modified_gmt":"2019-01-31T13:34:49","slug":"prefeito-silvano-dudu-entrega-premiacao-da-semana-do-bebe-e-chave-da-cidade-ao-bebe-prefeito","status":"publish","type":"post","link":"https:\/\/www.caririemacao.com\/1\/2019\/01\/31\/prefeito-silvano-dudu-entrega-premiacao-da-semana-do-bebe-e-chave-da-cidade-ao-bebe-prefeito\/","title":{"rendered":"Prefeito Silvano Dudu entrega premia\u00e7\u00e3o da Semana do Beb\u00ea e chave da cidade ao \u2018beb\u00ea prefeito\u2019"},"content":{"rendered":"\n<p>A Prefeitura Municipal de Cara\u00fabas atrav\u00e9s da Secretaria da Assist\u00eancia Social e o NUCA \u2013 N\u00facleo de Cidadania dos Adolescentes realizaram neste m\u00eas de Janeiro, a entrega da premia\u00e7\u00e3o da semana do beb\u00ea\u20192018, dentro das a\u00e7\u00f5es do Selo UNICEF Munic\u00edpio aprovado.<\/p>\n\n\n\n<p>Com o objetivo de valoriza\u00e7\u00e3o da primeira inf\u00e2ncia a proposta foi articular crian\u00e7as e adolescentes no local em que est\u00e3o inseridos, por meio de forma\u00e7\u00e3o e atividades de transforma\u00e7\u00e3o. Durante a semana do beb\u00ea foram promovidas palestras educativas sobre temas pertinentes sobre a fase da vida do beb\u00ea, bem como, o concurso beb\u00ea destaque 2018.<\/p>\n\n\n\n<p>Mas a grande novidade do evento ficou por conta da escolha do beb\u00ea destaque. Centenas de pessoas participaram das atividades e votaram nos candidatos inscritos. Participaram as comunidades do Distrito de Barreiras, comunidade da Passagem e a popula\u00e7\u00e3o da cidade de Cara\u00fabas.<\/p>\n\n\n\n<p>Ao final com 61 votos, o beb\u00ea Devid Rob\u00e9rio da Silva Souza de 09(nove) meses, morador do Distrito de Barreiras e filho do casal Luana da Silva Monteiro Alves e Jos\u00e9 Rob\u00e9rio Gomes de Souza J\u00fanior foi eleito o BEB\u00ca DESTAQUE\u20192018. O prefeito Silvano Dudu realizou a entrega da premia\u00e7\u00e3o no \u00faltimo dia 16 de Janeiro na resid\u00eancia do beb\u00ea, na companhia das secret\u00e1rias da Assist\u00eancia Social, Fl\u00e1via Quirino e do Turismo Silvana Milena.<\/p>\n\n\n\n<p>Foi entregue um quadro com a imagem do beb\u00ea Devid Rob\u00e9rio com a foto utilizada durante toda o evento.<\/p>\n\n\n\n<p>Ainda dentro da programa\u00e7\u00e3o do evento foi realizada a entrega da chave da cidade ao beb\u00ea prefeito do munic\u00edpio que teve como caracter\u00edstica de avalia\u00e7\u00e3o ter nascido de parto natural na semana em que estava sendo realizado o evento. O beb\u00ea prefeito se chama Jos\u00e9 Felipe filho da senhora Fab\u00edola Almeida de Souza. De acordo com a coordenadora do NUCA, Lindailda Lima, o objetivo do beb\u00ea prefeito \u00e9 o de valorizar o parto natural sendo o mais indicado para a sa\u00fade do beb\u00ea e da mam\u00e3e.<\/p>\n\n\n\n<p>O prefeito Silvano Dudu avaliou como positiva as iniciativas realizadas durante a Semana do Beb\u00ea e fez quest\u00e3o de ir pessoalmente a resid\u00eancia do beb\u00ea destaque e do beb\u00ea prefeito para realizar a entrega da premia\u00e7\u00e3o. Fico feliz em saber de todo o envolvimento da gest\u00e3o da assist\u00eancia social atrav\u00e9s do NUCA que vem promovendo diversas a\u00e7\u00f5es transformando a realidade de crian\u00e7as, jovens, adolescentes e familiares do nosso munic\u00edpio, concluiu o prefeito.<\/p>\n\n\n\n<p>SEPLACOM<\/p>\n","protected":false},"excerpt":{"rendered":"<p>A Prefeitura Municipal de Cara\u00fabas atrav\u00e9s da Secretaria da Assist\u00eancia Social e o NUCA \u2013 N\u00facleo de Cidadania dos Adolescentes realizaram neste m\u00eas de Janeiro,&hellip; <\/p>\n","protected":false},"author":1,"featured_media":82746,"comment_status":"closed","ping_status":"closed","sticky":false,"template":"","format":"standard","meta":{"sfsi_plus_gutenberg_text_before_share":"","sfsi_plus_gutenberg_show_text_before_share":"","sfsi_plus_gutenberg_icon_type":"","sfsi_plus_gutenberg_icon_alignemt":"","sfsi_plus_gutenburg_max_per_row":"","footnotes":""},"categories":[6],"tags":[],"class_list":["post-82745","post","type-post","status-publish","format-standard","has-post-thumbnail","hentry","category-cidades"],"_links":{"self":[{"href":"https:\/\/www.caririemacao.com\/1\/wp-json\/wp\/v2\/posts\/82745","targetHints":{"allow":["GET"]}}],"collection":[{"href":"https:\/\/www.caririemacao.com\/1\/wp-json\/wp\/v2\/posts"}],"about":[{"href":"https:\/\/www.caririemacao.com\/1\/wp-json\/wp\/v2\/types\/post"}],"author":[{"embeddable":true,"href":"https:\/\/www.caririemacao.com\/1\/wp-json\/wp\/v2\/users\/1"}],"replies":[{"embeddable":true,"href":"https:\/\/www.caririemacao.com\/1\/wp-json\/wp\/v2\/comments?post=82745"}],"version-history":[{"count":1,"href":"https:\/\/www.caririemacao.com\/1\/wp-json\/wp\/v2\/posts\/82745\/revisions"}],"predecessor-version":[{"id":82747,"href":"https:\/\/www.caririemacao.com\/1\/wp-json\/wp\/v2\/posts\/82745\/revisions\/82747"}],"wp:featuredmedia":[{"embeddable":true,"href":"https:\/\/www.caririemacao.com\/1\/wp-json\/wp\/v2\/media\/82746"}],"wp:attachment":[{"href":"https:\/\/www.caririemacao.com\/1\/wp-json\/wp\/v2\/media?parent=82745"}],"wp:term":[{"taxonomy":"category","embeddable":true,"href":"https:\/\/www.caririemacao.com\/1\/wp-json\/wp\/v2\/categories?post=82745"},{"taxonomy":"post_tag","embeddable":true,"href":"https:\/\/www.caririemacao.com\/1\/wp-json\/wp\/v2\/tags?post=82745"}],"curies":[{"name":"wp","href":"https:\/\/api.w.org\/{rel}","templated":true}]}}