{"id":82750,"date":"2019-01-31T10:57:20","date_gmt":"2019-01-31T13:57:20","guid":{"rendered":"http:\/\/www.caririemacao.com\/1\/?p=82750"},"modified":"2019-01-31T10:57:23","modified_gmt":"2019-01-31T13:57:23","slug":"petrobras-nao-mexe-no-preco-da-gasolina-postos-nao-repassam-reducoes","status":"publish","type":"post","link":"https:\/\/www.caririemacao.com\/1\/2019\/01\/31\/petrobras-nao-mexe-no-preco-da-gasolina-postos-nao-repassam-reducoes\/","title":{"rendered":"Petrobras n\u00e3o mexe no pre\u00e7o da gasolina; postos n\u00e3o repassam redu\u00e7\u00f5es"},"content":{"rendered":"\n<p>A petrobras manteve, nesta quinta-feira, o pre\u00e7o m\u00e9dio do litro da gasolina A sem tributo nas refinarias, v\u00e1lido para esta sexta-feira, dia 1\u00ba de fevereiro, em R$ 1,4907.<\/p>\n\n\n\n<p>Al\u00e9m disso, a estatal preservou o pre\u00e7o do diesel, em R$ 2,0198, conforme tabela dispon\u00edvel no site da empresa.<\/p>\n\n\n\n<figure class=\"wp-block-image\"><img decoding=\"async\" data-src=\"https:\/\/paraibaonline.com.br\/wp-content\/uploads\/2018\/01\/gasolina1.jpg\" alt=\"Foto: Leonardo Silva\/ Paraibaonline\" class=\"wp-image-238968 lazyload\" src=\"data:image\/svg+xml;base64,PHN2ZyB3aWR0aD0iMSIgaGVpZ2h0PSIxIiB4bWxucz0iaHR0cDovL3d3dy53My5vcmcvMjAwMC9zdmciPjwvc3ZnPg==\" \/><\/figure>\n\n\n\n<p>Foto: Leonardo Silva\/Paraibaonline<\/p>\n\n\n\n<p>Em contrapartida, os postos de abastecimento de Campina Grande permanecem sem repassar ao consumidor final a sucess\u00e3o de redu\u00e7\u00f5es promovidas no pre\u00e7o da gasolina ao longo das \u00faltimas semanas.<\/p>\n\n\n\n<p>Em Campina, o pre\u00e7o m\u00e9dio do litro da gasolina est\u00e1 em R$ 4,15 \u2013 30 centavos a mais do que o pre\u00e7o m\u00e9dio em Jo\u00e3o Pessoa (R$ 3,85).<\/p>\n\n\n\n<p>J\u00e1 o pre\u00e7o do etanol, que n\u00e3o \u00e9 fixado pela Petrobras, est\u00e1 com o litro a R$ 3,09 (em m\u00e9dia) em Campina Grande, contra R$ 2,74 em Jo\u00e3o Pessoa.<\/p>\n","protected":false},"excerpt":{"rendered":"<p>A petrobras manteve, nesta quinta-feira, o pre\u00e7o m\u00e9dio do litro da gasolina A sem tributo nas refinarias, v\u00e1lido para esta sexta-feira, dia 1\u00ba de fevereiro,&hellip; <\/p>\n","protected":false},"author":1,"featured_media":51986,"comment_status":"closed","ping_status":"closed","sticky":false,"template":"","format":"standard","meta":{"sfsi_plus_gutenberg_text_before_share":"","sfsi_plus_gutenberg_show_text_before_share":"","sfsi_plus_gutenberg_icon_type":"","sfsi_plus_gutenberg_icon_alignemt":"","sfsi_plus_gutenburg_max_per_row":"","footnotes":""},"categories":[2],"tags":[],"class_list":["post-82750","post","type-post","status-publish","format-standard","has-post-thumbnail","hentry","category-geral"],"_links":{"self":[{"href":"https:\/\/www.caririemacao.com\/1\/wp-json\/wp\/v2\/posts\/82750","targetHints":{"allow":["GET"]}}],"collection":[{"href":"https:\/\/www.caririemacao.com\/1\/wp-json\/wp\/v2\/posts"}],"about":[{"href":"https:\/\/www.caririemacao.com\/1\/wp-json\/wp\/v2\/types\/post"}],"author":[{"embeddable":true,"href":"https:\/\/www.caririemacao.com\/1\/wp-json\/wp\/v2\/users\/1"}],"replies":[{"embeddable":true,"href":"https:\/\/www.caririemacao.com\/1\/wp-json\/wp\/v2\/comments?post=82750"}],"version-history":[{"count":1,"href":"https:\/\/www.caririemacao.com\/1\/wp-json\/wp\/v2\/posts\/82750\/revisions"}],"predecessor-version":[{"id":82751,"href":"https:\/\/www.caririemacao.com\/1\/wp-json\/wp\/v2\/posts\/82750\/revisions\/82751"}],"wp:featuredmedia":[{"embeddable":true,"href":"https:\/\/www.caririemacao.com\/1\/wp-json\/wp\/v2\/media\/51986"}],"wp:attachment":[{"href":"https:\/\/www.caririemacao.com\/1\/wp-json\/wp\/v2\/media?parent=82750"}],"wp:term":[{"taxonomy":"category","embeddable":true,"href":"https:\/\/www.caririemacao.com\/1\/wp-json\/wp\/v2\/categories?post=82750"},{"taxonomy":"post_tag","embeddable":true,"href":"https:\/\/www.caririemacao.com\/1\/wp-json\/wp\/v2\/tags?post=82750"}],"curies":[{"name":"wp","href":"https:\/\/api.w.org\/{rel}","templated":true}]}}