{"id":82752,"date":"2019-01-31T11:16:46","date_gmt":"2019-01-31T14:16:46","guid":{"rendered":"http:\/\/www.caririemacao.com\/1\/?p=82752"},"modified":"2019-01-31T11:16:49","modified_gmt":"2019-01-31T14:16:49","slug":"contribuintes-paraibanos-podem-parcelar-ipva-atrasado-em-ate-18-meses","status":"publish","type":"post","link":"https:\/\/www.caririemacao.com\/1\/2019\/01\/31\/contribuintes-paraibanos-podem-parcelar-ipva-atrasado-em-ate-18-meses\/","title":{"rendered":"Contribuintes paraibanos podem parcelar IPVA atrasado em at\u00e9 18 meses"},"content":{"rendered":"\n<p><br>Os contribuintes paraibanos poder\u00e3o renegociar os d\u00e9bitos do Imposto de Propriedade Ve\u00edculos Automotores (IPVA) atrasados de anos anteriores em mais tempo.<\/p>\n\n\n\n<p>A nova Lei do IPVA, que entrou em vigor em janeiro deste ano, elevou a possibilidade de parcelamento de 12 para at\u00e9 18 meses, desde que o valor m\u00ednimo de cada parcela n\u00e3o seja inferior a duas UFR-PB (Unidade Fiscal de Refer\u00eancia), o que equivale atualmente a R$ 95,86. Em maio, cada UFR-PB custa R$ 47,93.<\/p>\n\n\n\n<p>A nova legisla\u00e7\u00e3o do tributo ficou tamb\u00e9m mais exigente com os inadimplentes do IPVA que deixaram de renegociar o d\u00e9bito de anos anteriores.<\/p>\n\n\n\n<p>No ano passado, o Estado realizou o \u00faltimo Refis do IPVA, como forma de dar oportunidade ao contribuinte com d\u00e9bitos de regularizar a d\u00edvida e evitar penalidades maiores com a entrada em vigor da nova lei do IPVA (Lei 11.007).<\/p>\n\n\n\n<div class=\"wp-block-image\"><figure class=\"aligncenter\"><img decoding=\"async\" data-src=\"https:\/\/paraibaonline.com.br\/wp-content\/uploads\/2016\/04\/IPVA.jpg\" alt=\"\" class=\"wp-image-61767 lazyload\" src=\"data:image\/svg+xml;base64,PHN2ZyB3aWR0aD0iMSIgaGVpZ2h0PSIxIiB4bWxucz0iaHR0cDovL3d3dy53My5vcmcvMjAwMC9zdmciPjwvc3ZnPg==\" \/><\/figure><\/div>\n\n\n\n<p>Neste ano, a Receita Estadual come\u00e7ou a notificar todos os contribuintes inadimplentes dos exerc\u00edcios de 2013 a 2016 para regularizarem seus d\u00e9bitos, evitando assim, a inscri\u00e7\u00e3o na D\u00edvida Ativa, onerando com a cobran\u00e7a de penalidades, por exemplo, com multa de 40% no caso de representa\u00e7\u00e3o fiscal, juros Selic e despesas de honor\u00e1rios, al\u00e9m da inclus\u00e3o em \u00f3rg\u00e3os de defesa de prote\u00e7\u00e3o de cr\u00e9dito.<\/p>\n\n\n\n<p>A inadimpl\u00eancia do IPVA tamb\u00e9m pode ocasionar o recolhimento do ve\u00edculo em caso de blitz ou fiscaliza\u00e7\u00e3o dos \u00f3rg\u00e3os de tr\u00e2nsito (estadual ou federal), acarretando outras penalidades como multas, al\u00e9m de ser tipificada como infra\u00e7\u00e3o grav\u00edssima para o condutor.<\/p>\n\n\n\n<p>Outras consequ\u00eancias de estar com o IPVA atrasado \u00e9 que o d\u00e9bito impede a obten\u00e7\u00e3o do licenciamento anual e a transfer\u00eancia do ve\u00edculo para outra pessoa.<\/p>\n\n\n\n<p>A libera\u00e7\u00e3o desse documento somente ocorre apenas ap\u00f3s a quita\u00e7\u00e3o de todas as d\u00edvidas perante a Receita Estadual e o Detran-PB.<\/p>\n\n\n\n<p>Para evitar a eleva\u00e7\u00e3o da d\u00edvida e possibilitar uma melhor negocia\u00e7\u00e3o, a gerente operacional de Arrecada\u00e7\u00e3o e Cobran\u00e7a da Receita Estadual, Rossana Marsicano, orienta os contribuintes procurarem uma reparti\u00e7\u00e3o fiscal mais pr\u00f3xima para saber a situa\u00e7\u00e3o do seu d\u00e9bito, fazer uma simula\u00e7\u00e3o e realizar uma renegocia\u00e7\u00e3o espont\u00e2nea.<\/p>\n\n\n\n<p>\u201cOs contribuintes inadimplentes entre 2013 e 2016 est\u00e3o sendo notificados, por isso devem procurar o mais r\u00e1pido poss\u00edvel uma reparti\u00e7\u00e3o fiscal para regularizarem o seu d\u00e9bito. Na verdade, o fundamental \u00e9 que o contribuinte inadimplente evite que esse d\u00e9bito seja inscrito na D\u00edvida Ativa do Estado, pois o valor sobe 40% com a multa da representa\u00e7\u00e3o fiscal, al\u00e9m dos 10% dos honor\u00e1rios\u201d, refor\u00e7ou.<\/p>\n\n\n\n<p>O valor do IPVA atrasado, j\u00e1 acrescido de multas e juros, poder\u00e1 ser tamb\u00e9m consultado no portal da Receita Estadual ou no link&nbsp;https:\/\/www.receita.pb.gov.br\/ser\/info\/ipva.<\/p>\n\n\n\n<p>Para consultar, o contribuinte precisa digitar o CPF, a placa, o n\u00famero do Renavam e as letras do c\u00f3digo. Contudo, para fazer simula\u00e7\u00f5es e fechar uma negocia\u00e7\u00e3o, precisa comparecer a uma reparti\u00e7\u00e3o fiscal do Estado (Coletoria ou Recebedoria de Renda).<\/p>\n\n\n\n<p>Caso o parcelamento seja cancelado, ser\u00e1 exigido o d\u00e9bito total confessado e ainda n\u00e3o pago, al\u00e9m dos acr\u00e9scimos legais na forma da legisla\u00e7\u00e3o aplic\u00e1vel da ocorr\u00eancia \u00e0 \u00e9poca do fato gerador e o cr\u00e9dito tribut\u00e1rio ser\u00e1 inscrito na D\u00edvida Ativa para cobran\u00e7a judicial.<\/p>\n","protected":false},"excerpt":{"rendered":"<p>Os contribuintes paraibanos poder\u00e3o renegociar os d\u00e9bitos do Imposto de Propriedade Ve\u00edculos Automotores (IPVA) atrasados de anos anteriores em mais tempo. A nova Lei do&hellip; <\/p>\n","protected":false},"author":1,"featured_media":10882,"comment_status":"closed","ping_status":"closed","sticky":false,"template":"","format":"standard","meta":{"sfsi_plus_gutenberg_text_before_share":"","sfsi_plus_gutenberg_show_text_before_share":"","sfsi_plus_gutenberg_icon_type":"","sfsi_plus_gutenberg_icon_alignemt":"","sfsi_plus_gutenburg_max_per_row":"","footnotes":""},"categories":[2],"tags":[],"class_list":["post-82752","post","type-post","status-publish","format-standard","has-post-thumbnail","hentry","category-geral"],"_links":{"self":[{"href":"https:\/\/www.caririemacao.com\/1\/wp-json\/wp\/v2\/posts\/82752","targetHints":{"allow":["GET"]}}],"collection":[{"href":"https:\/\/www.caririemacao.com\/1\/wp-json\/wp\/v2\/posts"}],"about":[{"href":"https:\/\/www.caririemacao.com\/1\/wp-json\/wp\/v2\/types\/post"}],"author":[{"embeddable":true,"href":"https:\/\/www.caririemacao.com\/1\/wp-json\/wp\/v2\/users\/1"}],"replies":[{"embeddable":true,"href":"https:\/\/www.caririemacao.com\/1\/wp-json\/wp\/v2\/comments?post=82752"}],"version-history":[{"count":1,"href":"https:\/\/www.caririemacao.com\/1\/wp-json\/wp\/v2\/posts\/82752\/revisions"}],"predecessor-version":[{"id":82753,"href":"https:\/\/www.caririemacao.com\/1\/wp-json\/wp\/v2\/posts\/82752\/revisions\/82753"}],"wp:featuredmedia":[{"embeddable":true,"href":"https:\/\/www.caririemacao.com\/1\/wp-json\/wp\/v2\/media\/10882"}],"wp:attachment":[{"href":"https:\/\/www.caririemacao.com\/1\/wp-json\/wp\/v2\/media?parent=82752"}],"wp:term":[{"taxonomy":"category","embeddable":true,"href":"https:\/\/www.caririemacao.com\/1\/wp-json\/wp\/v2\/categories?post=82752"},{"taxonomy":"post_tag","embeddable":true,"href":"https:\/\/www.caririemacao.com\/1\/wp-json\/wp\/v2\/tags?post=82752"}],"curies":[{"name":"wp","href":"https:\/\/api.w.org\/{rel}","templated":true}]}}