{"id":82760,"date":"2019-01-31T13:34:31","date_gmt":"2019-01-31T16:34:31","guid":{"rendered":"http:\/\/www.caririemacao.com\/1\/?p=82760"},"modified":"2019-01-31T13:34:33","modified_gmt":"2019-01-31T16:34:33","slug":"cassio-se-despede-do-senado-federal-e-emite-nota-que-venha-um-tempo-novo","status":"publish","type":"post","link":"https:\/\/www.caririemacao.com\/1\/2019\/01\/31\/cassio-se-despede-do-senado-federal-e-emite-nota-que-venha-um-tempo-novo\/","title":{"rendered":"C\u00e1ssio se despede do Senado Federal e emite nota: \u201cQue venha um tempo novo\u201d"},"content":{"rendered":"\n<p>Como hoje \u00e9 o \u00faltimo dia do senador C\u00e1ssio Cunha Lima no Senado Federal, o C\u00e1ssio emitiu uma nota nesta quinta-feira (31) se despedindo do Congresso Nacional.<\/p>\n\n\n\n<p><strong>Veja nota:<\/strong><\/p>\n\n\n\n<p>Hoje concluo um ciclo de 32 anos mandatos que me foram conferidos pelo povo. O sentimento \u00e9 de gratid\u00e3o. A Deus, sempre em primeiro lugar, e ao povo da Para\u00edba, de forma especial ao de Campina Grande.<\/p>\n\n\n\n<p>Quem tem esp\u00edrito p\u00fablico, n\u00e3o precisa de mandato para servir \u00e0 comunidade e \u00e0s pessoas. Continuarei servindo. Comecei a faz\u00ea-lo, antes mesmo do meu primeiro mandato, na Assembleia Nacional Constituinte, sempre com dedica\u00e7\u00e3o, seriedade, \u00e9tica e honestidade.<\/p>\n\n\n\n<p>Guardarei para sempre a li\u00e7\u00e3o do meu pai, mestre, l\u00edder e amigo Ronaldo Cunha Lima, a quem devo tamb\u00e9m um agradecimento todo especial extensivo a minha fam\u00edlia (tenho uma linda fam\u00edlia) sempre t\u00e3o solid\u00e1ria e presente nas minhas lutas: pol\u00edtica se faz como sacerd\u00f3cio e n\u00e3o como neg\u00f3cio. E assim a exerci.<\/p>\n\n\n\n<p>Ajudei a milh\u00f5es, milh\u00f5es mesmo. Esse sempre foi o meu objetivo na pol\u00edtica: melhorar a vidas das pessoas. Tratando-as com respeito, ouvindo-as com acuidade, sendo solid\u00e1rio no limite das minhas possibilidades.<\/p>\n\n\n\n<p>Em todos os mandatos transformei vidas, me dedicando a elas com devo\u00e7\u00e3o sincera e respeito verdadeiro. Sigo em frente, cabe\u00e7a erguida, espinha ereta e o cora\u00e7\u00e3o tranquilo, parafraseando o poeta.<\/p>\n\n\n\n<p>Tenho uma certeza: sou muito grato pela honra que tive de representar nosso povo por todos esses anos. E tenho uma convic\u00e7\u00e3o: ofereci o meu melhor nessa representa\u00e7\u00e3o. Passar\u00e1 algum tempo para se compreender, de forma plena, este instante da vida nacional. A democracia \u00e9 assim, o povo coloca, o povo tira. H\u00e1 de se respeitar sempre a soberania popular.<\/p>\n\n\n\n<p>Por fim, preservo sonhos, pelos quais continuarei lutando, qualquer que seja minha trincheira de luta. Oportunidades iguais para as nossas crian\u00e7as, para que elas sejam donas do seu pr\u00f3prio destino. Zelo e respeito com os idosos. Cuidado redobrado com os que mais precisam.<\/p>\n\n\n\n<p>Que venha um tempo novo. Muito obrigado a todos e a cada um.<\/p>\n\n\n\n<p>C\u00e1ssio Cunha Lima<\/p>\n","protected":false},"excerpt":{"rendered":"<p>Como hoje \u00e9 o \u00faltimo dia do senador C\u00e1ssio Cunha Lima no Senado Federal, o C\u00e1ssio emitiu uma nota nesta quinta-feira (31) se despedindo do&hellip; <\/p>\n","protected":false},"author":1,"featured_media":72226,"comment_status":"closed","ping_status":"closed","sticky":false,"template":"","format":"standard","meta":{"sfsi_plus_gutenberg_text_before_share":"","sfsi_plus_gutenberg_show_text_before_share":"","sfsi_plus_gutenberg_icon_type":"","sfsi_plus_gutenberg_icon_alignemt":"","sfsi_plus_gutenburg_max_per_row":"","footnotes":""},"categories":[11],"tags":[],"class_list":["post-82760","post","type-post","status-publish","format-standard","has-post-thumbnail","hentry","category-politica"],"_links":{"self":[{"href":"https:\/\/www.caririemacao.com\/1\/wp-json\/wp\/v2\/posts\/82760","targetHints":{"allow":["GET"]}}],"collection":[{"href":"https:\/\/www.caririemacao.com\/1\/wp-json\/wp\/v2\/posts"}],"about":[{"href":"https:\/\/www.caririemacao.com\/1\/wp-json\/wp\/v2\/types\/post"}],"author":[{"embeddable":true,"href":"https:\/\/www.caririemacao.com\/1\/wp-json\/wp\/v2\/users\/1"}],"replies":[{"embeddable":true,"href":"https:\/\/www.caririemacao.com\/1\/wp-json\/wp\/v2\/comments?post=82760"}],"version-history":[{"count":1,"href":"https:\/\/www.caririemacao.com\/1\/wp-json\/wp\/v2\/posts\/82760\/revisions"}],"predecessor-version":[{"id":82761,"href":"https:\/\/www.caririemacao.com\/1\/wp-json\/wp\/v2\/posts\/82760\/revisions\/82761"}],"wp:featuredmedia":[{"embeddable":true,"href":"https:\/\/www.caririemacao.com\/1\/wp-json\/wp\/v2\/media\/72226"}],"wp:attachment":[{"href":"https:\/\/www.caririemacao.com\/1\/wp-json\/wp\/v2\/media?parent=82760"}],"wp:term":[{"taxonomy":"category","embeddable":true,"href":"https:\/\/www.caririemacao.com\/1\/wp-json\/wp\/v2\/categories?post=82760"},{"taxonomy":"post_tag","embeddable":true,"href":"https:\/\/www.caririemacao.com\/1\/wp-json\/wp\/v2\/tags?post=82760"}],"curies":[{"name":"wp","href":"https:\/\/api.w.org\/{rel}","templated":true}]}}