{"id":82764,"date":"2019-01-31T14:22:38","date_gmt":"2019-01-31T17:22:38","guid":{"rendered":"http:\/\/www.caririemacao.com\/1\/?p=82764"},"modified":"2019-01-31T14:22:41","modified_gmt":"2019-01-31T17:22:41","slug":"paraiba-cai-13-posicoes-entre-estados-mais-violentos-e-reduz-pelo-setimo-ano-o-numero-de-homicidios","status":"publish","type":"post","link":"https:\/\/www.caririemacao.com\/1\/2019\/01\/31\/paraiba-cai-13-posicoes-entre-estados-mais-violentos-e-reduz-pelo-setimo-ano-o-numero-de-homicidios\/","title":{"rendered":"Para\u00edba cai 13 posi\u00e7\u00f5es entre estados mais violentos e reduz pelo s\u00e9timo ano o n\u00famero de homic\u00eddios"},"content":{"rendered":"\n<p>A Para\u00edba reduziu pelo s\u00e9timo ano consecutivo o n\u00famero de homic\u00eddios, chamados de Crimes Violentos Letais Intencionais (CVLI&#8217;s). Segundo o Anu\u00e1rio da Seguran\u00e7a P\u00fablica da Para\u00edba, esse \u00e9 o per\u00edodo de redu\u00e7\u00e3o mais duradouro do pa\u00eds na d\u00e9cada atual.<\/p>\n\n\n\n<p>Ainda segundo o Governo do Estado, esse resultado se iguala \u00e0s redu\u00e7\u00f5es mais prolongadas j\u00e1 registradas no Brasil, como a constatada no Rio de Janeiro, 2003 a 2009 e em S\u00e3o Paulo, 2002 a 2008.<\/p>\n\n\n\n<p>Houve uma redu\u00e7\u00e3o acumulada de 32% na taxa de CVLI, sendo essa a maior queda percentual acumulada do Norte-Nordeste nesta d\u00e9cada e entre as tr\u00eas maiores do pa\u00eds.<\/p>\n\n\n\n<p>O estado est\u00e1 com a terceira menor taxa de CVLI do Nordeste. A Para\u00edba diminuiu 13 posi\u00e7\u00f5es no ranking dos estados mais violentos em sete anos.<\/p>\n\n\n\n<p>Em Jo\u00e3o Pessoa, houve baixa acumulada de 62% na taxa de CVLI. A Capital teve, em 2017, a menor taxa de CVLI entre as capitais do Nordeste e projeta permanecer assim em 2018.<\/p>\n","protected":false},"excerpt":{"rendered":"<p>A Para\u00edba reduziu pelo s\u00e9timo ano consecutivo o n\u00famero de homic\u00eddios, chamados de Crimes Violentos Letais Intencionais (CVLI&#8217;s). Segundo o Anu\u00e1rio da Seguran\u00e7a P\u00fablica da&hellip; <\/p>\n","protected":false},"author":1,"featured_media":82765,"comment_status":"closed","ping_status":"closed","sticky":false,"template":"","format":"standard","meta":{"sfsi_plus_gutenberg_text_before_share":"","sfsi_plus_gutenberg_show_text_before_share":"","sfsi_plus_gutenberg_icon_type":"","sfsi_plus_gutenberg_icon_alignemt":"","sfsi_plus_gutenburg_max_per_row":"","footnotes":""},"categories":[2],"tags":[],"class_list":["post-82764","post","type-post","status-publish","format-standard","has-post-thumbnail","hentry","category-geral"],"_links":{"self":[{"href":"https:\/\/www.caririemacao.com\/1\/wp-json\/wp\/v2\/posts\/82764","targetHints":{"allow":["GET"]}}],"collection":[{"href":"https:\/\/www.caririemacao.com\/1\/wp-json\/wp\/v2\/posts"}],"about":[{"href":"https:\/\/www.caririemacao.com\/1\/wp-json\/wp\/v2\/types\/post"}],"author":[{"embeddable":true,"href":"https:\/\/www.caririemacao.com\/1\/wp-json\/wp\/v2\/users\/1"}],"replies":[{"embeddable":true,"href":"https:\/\/www.caririemacao.com\/1\/wp-json\/wp\/v2\/comments?post=82764"}],"version-history":[{"count":1,"href":"https:\/\/www.caririemacao.com\/1\/wp-json\/wp\/v2\/posts\/82764\/revisions"}],"predecessor-version":[{"id":82766,"href":"https:\/\/www.caririemacao.com\/1\/wp-json\/wp\/v2\/posts\/82764\/revisions\/82766"}],"wp:featuredmedia":[{"embeddable":true,"href":"https:\/\/www.caririemacao.com\/1\/wp-json\/wp\/v2\/media\/82765"}],"wp:attachment":[{"href":"https:\/\/www.caririemacao.com\/1\/wp-json\/wp\/v2\/media?parent=82764"}],"wp:term":[{"taxonomy":"category","embeddable":true,"href":"https:\/\/www.caririemacao.com\/1\/wp-json\/wp\/v2\/categories?post=82764"},{"taxonomy":"post_tag","embeddable":true,"href":"https:\/\/www.caririemacao.com\/1\/wp-json\/wp\/v2\/tags?post=82764"}],"curies":[{"name":"wp","href":"https:\/\/api.w.org\/{rel}","templated":true}]}}