{"id":82767,"date":"2019-01-31T14:25:06","date_gmt":"2019-01-31T17:25:06","guid":{"rendered":"http:\/\/www.caririemacao.com\/1\/?p=82767"},"modified":"2019-01-31T14:25:09","modified_gmt":"2019-01-31T17:25:09","slug":"governador-anuncia-criacao-de-batalhao-motorizado-na-paraiba","status":"publish","type":"post","link":"https:\/\/www.caririemacao.com\/1\/2019\/01\/31\/governador-anuncia-criacao-de-batalhao-motorizado-na-paraiba\/","title":{"rendered":"Governador anuncia cria\u00e7\u00e3o de Batalh\u00e3o Motorizado na Para\u00edba"},"content":{"rendered":"\n<p>Janeiro de 2019 \u00e9 o m\u00eas com menor registro de assassinatos na Para\u00edba desde a implanta\u00e7\u00e3o do Programa Para\u00edba Unida pela Paz.<\/p>\n\n\n\n<p>O n\u00famero foi confirmado pelo governador Jo\u00e3o Azev\u00eado, nesta quinta-feira (31), durante reuni\u00e3o de monitoramento com os gestores de Seguran\u00e7a P\u00fablica do Estado, na qual tamb\u00e9m foi apresentado o Anu\u00e1rio de Seguran\u00e7a P\u00fablica 2018, que ratificou a redu\u00e7\u00e3o de crimes contra a vida durante sete anos seguidos no territ\u00f3rio paraibano.<\/p>\n\n\n\n<p>De acordo com o governador Jo\u00e3o Azev\u00eado, os dados apresentados demonstram a for\u00e7a da pol\u00edtica de seguran\u00e7a p\u00fablica implantada no Estado nos \u00faltimos anos, com destaque para janeiro deste ano, quando foi registrada uma redu\u00e7\u00e3o significativa no n\u00famero de assassinatos.<\/p>\n\n\n\n<figure class=\"wp-block-image\"><img decoding=\"async\" data-src=\"https:\/\/paraibaonline.com.br\/wp-content\/uploads\/2019\/01\/reuni%C3%A3o-monitoramento4-foto-Francisco-Fran%C3%A7a.jpg\" alt=\"\" class=\"wp-image-569393 lazyload\" src=\"data:image\/svg+xml;base64,PHN2ZyB3aWR0aD0iMSIgaGVpZ2h0PSIxIiB4bWxucz0iaHR0cDovL3d3dy53My5vcmcvMjAwMC9zdmciPjwvc3ZnPg==\" \/><\/figure>\n\n\n\n<p>Foto: Francisco Fran\u00e7a\/Secom\/PB<\/p>\n\n\n\n<p>\u201cGra\u00e7as ao esfor\u00e7o de todo time que faz a seguran\u00e7a do Estado, tivemos redu\u00e7\u00f5es significativas em todos os segmentos que analisamos; seja de roubos a bancos a assassinatos. N\u00f3s temos a responsabilidade, cada vez maior, de continuar investindo para que esses n\u00fameros sejam reduzidos cada vez mais\u201d, ressaltou.<\/p>\n\n\n\n<p>Al\u00e9m da implanta\u00e7\u00e3o dos Centros de Comando e Controle em v\u00e1rias regi\u00f5es do Estado, o chefe do Executivo estadual tamb\u00e9m anunciou, na oportunidade, a cria\u00e7\u00e3o do Batalh\u00e3o Motorizado que pretende dar agilidade \u00e0 Pol\u00edcia no combate ao crime.<\/p>\n\n\n\n<p>\u201cEsse conjunto de a\u00e7\u00f5es permitir\u00e1 que a Para\u00edba se mantenha como Estado do Brasil que mais reduziu crimes de CVLI, que mais reduziu crimes contra a mulher, que mais reduziu crimes no Nordeste; isso \u00e9 o que interessa dentro de uma pol\u00edtica de seguran\u00e7a como essa que tem demonstrado resultados\u201d, destacou.<\/p>\n\n\n\n<p>Ele ainda garantiu a continuidade de reuni\u00f5es mensais com toda a c\u00fapula da Seguran\u00e7a do Estado para potencializar o combate \u00e0 viol\u00eancia. \u201cVamos dar continuidade aos programas em andamento na \u00e1rea da seguran\u00e7a, implementando novas a\u00e7\u00f5es para que a gente possa reduzir cada vez mais esses \u00edndices\u201d, acrescentou.<\/p>\n\n\n\n<p>O secret\u00e1rio de Seguran\u00e7a P\u00fablica, Jean Nunes, assegurou que fortalecer\u00e1 as a\u00e7\u00f5es j\u00e1 desenvolvidas no programa \u2018Para\u00edba Unida pela Paz\u2019 para que o Estado continue dando respostas \u00e0 sociedade.<\/p>\n\n\n\n<p>\u201cJaneiro foi o melhor m\u00eas da s\u00e9rie hist\u00f3rica desse acompanhamento que estamos fazendo. N\u00f3s temos n\u00fameros significativos diante da realidade que a gente encontra. Vamos continuar fortalecendo a for\u00e7a-tarefa dos bancos, continuar fortalecendo as delegacias de crimes contra o patrim\u00f4nio e o combate aos homic\u00eddios\u201d, enfatizou.<\/p>\n\n\n\n<p>J\u00e1 o comandante geral da Pol\u00edcia Militar, coronel Euller Chaves, disse que os n\u00fameros positivos s\u00e3o fruto do trabalho de homens e mulheres que fazem a seguran\u00e7a da Para\u00edba. Ele ainda adiantou que o Batalh\u00e3o Motorizado ser\u00e1 instalado ainda neste semestre no Estado.<\/p>\n\n\n\n<figure class=\"wp-block-image\"><img decoding=\"async\" data-src=\"https:\/\/paraibaonline.com.br\/wp-content\/uploads\/2019\/01\/reuni%C3%A3o-monitoramento2-foto-Francisco-Fran%C3%A7a.jpg\" alt=\"Foto: Francisco Fran\u00e7a\/Secom\/PB\" class=\"wp-image-569391 lazyload\" src=\"data:image\/svg+xml;base64,PHN2ZyB3aWR0aD0iMSIgaGVpZ2h0PSIxIiB4bWxucz0iaHR0cDovL3d3dy53My5vcmcvMjAwMC9zdmciPjwvc3ZnPg==\" \/><\/figure>\n\n\n\n<p>Foto: Francisco Fran\u00e7a\/Secom\/PB<\/p>\n\n\n\n<p>\u201cN\u00f3s agregaremos todas as for\u00e7as de motociclistas operacionais nesse Batalh\u00e3o e o local que ser\u00e1 escolhido ter\u00e1 uma vis\u00e3o privilegiada. A nossa meta \u00e9 potencializar a utiliza\u00e7\u00e3o dessas motocicletas no policiamento ostensivo e vamos colocar a Para\u00edba mais ainda como refer\u00eancia na seguran\u00e7a p\u00fablica na Regi\u00e3o e no Brasil\u201d, adiantou.<\/p>\n\n\n\n<p>Dados \u2013 Segundo o documento produzido pelo N\u00facleo de An\u00e1lise Criminal e Estat\u00edstica (Nace) da Secretaria da Seguran\u00e7a e da Defesa Social (Sesds) \u2013 o Anu\u00e1rio da Seguran\u00e7a P\u00fablica 2018, a Para\u00edba registrou 1.210 casos de Crimes Violentos Letais Intencionais (CVLI) \u2013 homic\u00eddios dolosos ou qualquer outro crime doloso que resulte em morte \u2013 no ano passado, o que representa 5,8% a menos que em 2017, quando foram contabilizadas 1.284 ocorr\u00eancias desse tipo.<\/p>\n\n\n\n<p>No ano de 2010, o n\u00famero de assassinatos no estado era de 1.563. Em termos de taxa, a redu\u00e7\u00e3o acumulada \u00e9 de 32%, saindo de 44,3 assassinatos por 100 mil habitantes em 2011 para 30,3 em 2018. No m\u00eas de janeiro deste ano, at\u00e9 o dia 30, foram computados 73 CVLI.<\/p>\n\n\n\n<p>A Para\u00edba tamb\u00e9m saiu da 3\u00aa posi\u00e7\u00e3o no ranking das unidades federativas com maiores taxas de CVLI em 2011 para a 14\u00aa posi\u00e7\u00e3o, obtendo, pela primeira vez na d\u00e9cada uma taxa de homic\u00eddios inferior \u00e0 m\u00e9dia nacional.<\/p>\n\n\n\n<p>O Anu\u00e1rio ainda demonstra que a redu\u00e7\u00e3o acumulada de assassinatos de mulheres na Para\u00edba \u00e9 29%, j\u00e1 que o n\u00famero de ocorr\u00eancias saiu de 119 casos em 2010 para 84 registros em 2018.<\/p>\n\n\n\n<p>Em termos de taxa, o estado saiu de 6,13 mortes de mulheres por 100 mil habitantes para 4,8 no ano passado.<\/p>\n\n\n\n<p>No cen\u00e1rio nacional, a Para\u00edba saiu da 4\u00aa posi\u00e7\u00e3o em 2010 para a 19\u00aa em 2017, no ranking das unidades da federa\u00e7\u00e3o com maiores taxas de homic\u00eddios de mulheres.<\/p>\n\n\n\n<p>Na d\u00e9cada atual, Jo\u00e3o Pessoa \u00e9 a cidade com maior redu\u00e7\u00e3o percentual acumulada entre todas as capitais do pa\u00eds, com 55% de queda de crimes contra a vida.<\/p>\n\n\n\n<p>O registro de assassinatos saiu de 580 casos em 2010 para 247 no ano passado, o que significa uma redu\u00e7\u00e3o de 57%.<\/p>\n\n\n\n<p>A taxa saiu de 80,2 para 30,9 por cem mil habitantes. J\u00e1 Campina Grande \u00e9 a metr\u00f3pole do interior do Nordeste com menor taxa de homic\u00eddios em 2018. A cidade registrou 199 CVLI em 2010 e 95 no ano passado (redu\u00e7\u00e3o de 51,7 para 23,3 em termos de taxa).<\/p>\n\n\n\n<p>Redu\u00e7\u00e3o de crimes contra institui\u00e7\u00f5es financeiras \u2013 Ainda de acordo com o Anu\u00e1rio da Seguran\u00e7a P\u00fablica 2018, tamb\u00e9m houve redu\u00e7\u00e3o de crimes contra institui\u00e7\u00f5es financeiras no Estado.<\/p>\n\n\n\n<p>Em 2017 foram 97 casos e no ano passado foram 76 ocorr\u00eancias. Nos furtos com explos\u00f5es, foram 23 registros a menos (-28%).<\/p>\n\n\n\n<p>Este ano, a Secretaria da Seguran\u00e7a e da Defesa Social criou uma for\u00e7a-tarefa para realizar o enfrentamento de roubos e furtos qualificados a banco, por meio do fortalecimento de delegacias, cria\u00e7\u00e3o de um banco de dados de material biol\u00f3gico por parte do Instituto de Pol\u00edcia Cient\u00edfica e integra\u00e7\u00e3o entre as pol\u00edcias Civil, Militar e pol\u00edcias de outros estados.<\/p>\n\n\n\n<p>No m\u00eas de janeiro, o trabalho integrado prendeu suspeitos desse tipo de crime na regi\u00e3o metropolitana e no sert\u00e3o da Para\u00edba.<\/p>\n\n\n\n<p>Apreens\u00e3o de armas e drogas \u2013 No ano de 2018, as for\u00e7as de seguran\u00e7a da Para\u00edba apreenderam 2.440 armas de fogo, entre rev\u00f3lveres, pistolas, espingardas e outros armamentos de grosso calibre.<\/p>\n\n\n\n<p>Foram 23.907 armas retiradas de circula\u00e7\u00e3o desde a implanta\u00e7\u00e3o do Programa Para\u00edba Unida pela Paz.<\/p>\n\n\n\n<p>Em rela\u00e7\u00e3o \u00e0s drogas, o total apreendido \u00e9 de 15,5 toneladas de entorpecentes apreendidos em a\u00e7\u00f5es policiais voltadas para o enfrentamento \u00e0 comercializa\u00e7\u00e3o de entorpecentes.<\/p>\n\n\n\n<p>Somente no ano de 2018, foram 2 toneladas e 703 quilos de maconha, coca\u00edna, crack e outras drogas que deixaram de ser vendidas em territ\u00f3rio paraibano e ao longo de oito anos uma m\u00e9dia de 5,3 quilos de entorpecentes foram apreendidos por dia pelas pol\u00edcias Militar e Civil.<\/p>\n\n\n\n<p>Em janeiro de 2019, o resultado foi uma redu\u00e7\u00e3o de 51% dos homic\u00eddios por arma de fogo em rela\u00e7\u00e3o ao mesmo m\u00eas do ano anterior.<\/p>\n\n\n\n<p>Estiveram presentes na reuni\u00e3o, al\u00e9m do governador Jo\u00e3o Azev\u00eado e do secret\u00e1rio da Seguran\u00e7a e da Defesa Social, Jean Nunes, o secret\u00e1rio executivo, Lamark Donato, o secret\u00e1rio executivo de Administra\u00e7\u00e3o Penitenci\u00e1ria, Jo\u00e3o Paulo Ferreira Barros, o comandante geral da Pol\u00edcia Militar, coronel Euller Chaves, o delegado geral de Pol\u00edcia Civil, Isa\u00edas Gualberto, e o coronel Marcelo Ara\u00fajo, comandante do Corpo de Bombeiros, e ainda outros gestores da pasta e de Regi\u00f5es e \u00c1reas Integradas de Seguran\u00e7a P\u00fablica das Pol\u00edcias Militar, Civil e do Corpo de Bombeiros Militar<\/p>\n","protected":false},"excerpt":{"rendered":"<p>Janeiro de 2019 \u00e9 o m\u00eas com menor registro de assassinatos na Para\u00edba desde a implanta\u00e7\u00e3o do Programa Para\u00edba Unida pela Paz. O n\u00famero foi&hellip; <\/p>\n","protected":false},"author":1,"featured_media":82768,"comment_status":"closed","ping_status":"closed","sticky":false,"template":"","format":"standard","meta":{"sfsi_plus_gutenberg_text_before_share":"","sfsi_plus_gutenberg_show_text_before_share":"","sfsi_plus_gutenberg_icon_type":"","sfsi_plus_gutenberg_icon_alignemt":"","sfsi_plus_gutenburg_max_per_row":"","footnotes":""},"categories":[11],"tags":[],"class_list":["post-82767","post","type-post","status-publish","format-standard","has-post-thumbnail","hentry","category-politica"],"_links":{"self":[{"href":"https:\/\/www.caririemacao.com\/1\/wp-json\/wp\/v2\/posts\/82767","targetHints":{"allow":["GET"]}}],"collection":[{"href":"https:\/\/www.caririemacao.com\/1\/wp-json\/wp\/v2\/posts"}],"about":[{"href":"https:\/\/www.caririemacao.com\/1\/wp-json\/wp\/v2\/types\/post"}],"author":[{"embeddable":true,"href":"https:\/\/www.caririemacao.com\/1\/wp-json\/wp\/v2\/users\/1"}],"replies":[{"embeddable":true,"href":"https:\/\/www.caririemacao.com\/1\/wp-json\/wp\/v2\/comments?post=82767"}],"version-history":[{"count":1,"href":"https:\/\/www.caririemacao.com\/1\/wp-json\/wp\/v2\/posts\/82767\/revisions"}],"predecessor-version":[{"id":82769,"href":"https:\/\/www.caririemacao.com\/1\/wp-json\/wp\/v2\/posts\/82767\/revisions\/82769"}],"wp:featuredmedia":[{"embeddable":true,"href":"https:\/\/www.caririemacao.com\/1\/wp-json\/wp\/v2\/media\/82768"}],"wp:attachment":[{"href":"https:\/\/www.caririemacao.com\/1\/wp-json\/wp\/v2\/media?parent=82767"}],"wp:term":[{"taxonomy":"category","embeddable":true,"href":"https:\/\/www.caririemacao.com\/1\/wp-json\/wp\/v2\/categories?post=82767"},{"taxonomy":"post_tag","embeddable":true,"href":"https:\/\/www.caririemacao.com\/1\/wp-json\/wp\/v2\/tags?post=82767"}],"curies":[{"name":"wp","href":"https:\/\/api.w.org\/{rel}","templated":true}]}}