{"id":82771,"date":"2019-01-31T14:32:36","date_gmt":"2019-01-31T17:32:36","guid":{"rendered":"http:\/\/www.caririemacao.com\/1\/?p=82771"},"modified":"2019-01-31T14:32:40","modified_gmt":"2019-01-31T17:32:40","slug":"tjpb-suspende-pensao-para-viuvas-de-ex-vereadores","status":"publish","type":"post","link":"https:\/\/www.caririemacao.com\/1\/2019\/01\/31\/tjpb-suspende-pensao-para-viuvas-de-ex-vereadores\/","title":{"rendered":"TJPB suspende pens\u00e3o para vi\u00favas de ex-vereadores"},"content":{"rendered":"\n<p>A Justi\u00e7a da Para\u00edba suspendeu uma&nbsp;liminar que concedia&nbsp;pens\u00e3o para vi\u00favas de ex-vereadores, da cidade de Patos.&nbsp;A decis\u00e3o tamb\u00e9m&nbsp;determinou a notifica\u00e7\u00e3o do presidente da C\u00e2mara dos Vereadores de Patos, Sales J\u00fanior (PRB) para prestar as informa\u00e7\u00f5es necess\u00e1rias sobre essa situa\u00e7\u00e3o&nbsp;no prazo de 30 dias.&nbsp;De acordo com a decis\u00e3o,&nbsp;a destina\u00e7\u00e3o de recursos p\u00fablicos para&nbsp;esse fim se afasta&nbsp;da coletividade e viola&nbsp;princ\u00edpios constitucionais.&nbsp;<\/p>\n\n\n\n<p>A decis\u00e3o suspendeu, liminarmente, a efic\u00e1cia do artigo 166 da Lei Org\u00e2nica do Munic\u00edpio de Patos, bem como da Lei n\u00ba 4.766\/2016, que concede pens\u00e3o vital\u00edcia aos c\u00f4njuges de ex-vereadores que falecem no exerc\u00edcio do mandato. A decis\u00e3o un\u00e2nime do Colegiado aconteceu na sess\u00e3o dessa quarta-feira (30), com a relatoria do desembargador Oswaldo Trigueiro do Valle Filho. A suspens\u00e3o segue at\u00e9 o julgamento final da a\u00e7\u00e3o.&nbsp;<\/p>\n\n\n\n<p>A A\u00e7\u00e3o Direta de Inconstitucionalidade, com pedido de liminar, foi movida pelo Minist\u00e9rio P\u00fablico do Estado da Para\u00edba, sustentando que as normas impugnadas, ao estabelecerem esse tipo de pens\u00e3o, afrontam o dispositivo dos artigos 10, 30 e 194 da Constitui\u00e7\u00e3o Estadual. O MP destacou, tamb\u00e9m, que essas leis municipais institu\u00edram benef\u00edcio previdenci\u00e1rio sem a respectiva fonte de custeio, contrariando o car\u00e1ter contributivo.&nbsp;<\/p>\n\n\n\n<p>Ao apreciar a liminar, o desembargador fez refer\u00eancia ao artigo 3\u00ba da Lei n\u00ba 4.766\/2016, que autorizou o Poder Executivo de Patos a abrir cr\u00e9dito especial ao or\u00e7amento municipal para o exerc\u00edcio de 2017, no valor de R$ 60.126,00 para a cobertura das despesas decorrentes das pens\u00f5es destinadas as vi\u00favas dos parlamentares mirins. \u201cAo promover a destina\u00e7\u00e3o de valores p\u00fablicos para interesses que se afastam da coletividade, contemplando pessoa determinada, caracteriza n\u00edtida viola\u00e7\u00e3o aos princ\u00edpios da moralidade, do interesse p\u00fablico e da impessoalidade\u201d, explicou o desembargador Oswaldo Trigueiro.<\/p>\n\n\n\n<p>Segundo o magistrado, o cargo de vereador n\u00e3o \u00e9 exercido em car\u00e1ter permanente, motivo pelo qual, ap\u00f3s o t\u00e9rmino do mandato, encerra-se qualquer rela\u00e7\u00e3o jur\u00eddica institucional com o poder p\u00fablico, n\u00e3o sendo poss\u00edvel a concess\u00e3o de aposentadoria, a qual somente \u00e9 concedida a ocupantes de cargos p\u00fablicos efetivos, por isso \u00e9 inconceb\u00edvel a concess\u00e3o de pens\u00e3o ao c\u00f4njuge.&nbsp;<\/p>\n\n\n\n<p>\u201c\u00c9 inconstitucional a lei municipal que concede pens\u00e3o vital\u00edcia a c\u00f4njuge de vereador falecido no exerc\u00edcio do mandato, uma vez que cria um privil\u00e9gio desarrazoado para pessoas espec\u00edficas e sem qualquer finalidade p\u00fablica, violando os princ\u00edpios da moralidade e impessoalidade\u201d, disse o relator, acrescentando que o Supremo Tribunal Federal, em recentes julgados, tem afirmado que a institui\u00e7\u00e3o de presta\u00e7\u00e3o pecuni\u00e1ria mensal a ex-agentes pol\u00edticos e a seus c\u00f4njuges, pagas sem previs\u00e3o de qualquer contrapresta\u00e7\u00e3o para sua concess\u00e3o, configura benesse que n\u00e3o se compatibiliza com a Constitui\u00e7\u00e3o Federal.<\/p>\n","protected":false},"excerpt":{"rendered":"<p>A Justi\u00e7a da Para\u00edba suspendeu uma&nbsp;liminar que concedia&nbsp;pens\u00e3o para vi\u00favas de ex-vereadores, da cidade de Patos.&nbsp;A decis\u00e3o tamb\u00e9m&nbsp;determinou a notifica\u00e7\u00e3o do presidente da C\u00e2mara dos&hellip; <\/p>\n","protected":false},"author":1,"featured_media":82772,"comment_status":"closed","ping_status":"closed","sticky":false,"template":"","format":"standard","meta":{"sfsi_plus_gutenberg_text_before_share":"","sfsi_plus_gutenberg_show_text_before_share":"","sfsi_plus_gutenberg_icon_type":"","sfsi_plus_gutenberg_icon_alignemt":"","sfsi_plus_gutenburg_max_per_row":"","footnotes":""},"categories":[11],"tags":[],"class_list":["post-82771","post","type-post","status-publish","format-standard","has-post-thumbnail","hentry","category-politica"],"_links":{"self":[{"href":"https:\/\/www.caririemacao.com\/1\/wp-json\/wp\/v2\/posts\/82771","targetHints":{"allow":["GET"]}}],"collection":[{"href":"https:\/\/www.caririemacao.com\/1\/wp-json\/wp\/v2\/posts"}],"about":[{"href":"https:\/\/www.caririemacao.com\/1\/wp-json\/wp\/v2\/types\/post"}],"author":[{"embeddable":true,"href":"https:\/\/www.caririemacao.com\/1\/wp-json\/wp\/v2\/users\/1"}],"replies":[{"embeddable":true,"href":"https:\/\/www.caririemacao.com\/1\/wp-json\/wp\/v2\/comments?post=82771"}],"version-history":[{"count":1,"href":"https:\/\/www.caririemacao.com\/1\/wp-json\/wp\/v2\/posts\/82771\/revisions"}],"predecessor-version":[{"id":82773,"href":"https:\/\/www.caririemacao.com\/1\/wp-json\/wp\/v2\/posts\/82771\/revisions\/82773"}],"wp:featuredmedia":[{"embeddable":true,"href":"https:\/\/www.caririemacao.com\/1\/wp-json\/wp\/v2\/media\/82772"}],"wp:attachment":[{"href":"https:\/\/www.caririemacao.com\/1\/wp-json\/wp\/v2\/media?parent=82771"}],"wp:term":[{"taxonomy":"category","embeddable":true,"href":"https:\/\/www.caririemacao.com\/1\/wp-json\/wp\/v2\/categories?post=82771"},{"taxonomy":"post_tag","embeddable":true,"href":"https:\/\/www.caririemacao.com\/1\/wp-json\/wp\/v2\/tags?post=82771"}],"curies":[{"name":"wp","href":"https:\/\/api.w.org\/{rel}","templated":true}]}}