{"id":82774,"date":"2019-01-31T14:39:18","date_gmt":"2019-01-31T17:39:18","guid":{"rendered":"http:\/\/www.caririemacao.com\/1\/?p=82774"},"modified":"2019-01-31T14:39:22","modified_gmt":"2019-01-31T17:39:22","slug":"ricardo-coutinho-inaugura-nesta-quinta-o-observatorio-da-democracia","status":"publish","type":"post","link":"https:\/\/www.caririemacao.com\/1\/2019\/01\/31\/ricardo-coutinho-inaugura-nesta-quinta-o-observatorio-da-democracia\/","title":{"rendered":"Ricardo Coutinho inaugura nesta quinta o Observat\u00f3rio da Democracia"},"content":{"rendered":"\n<p>O ex-governador da Para\u00edba, Ricardo Coutinho, inaugura nesta quinta-feira (31), o Observat\u00f3rio da Democracia, em Bras\u00edlia. A solenidade de inaugura\u00e7\u00e3o acontece \u00e0s 17h,&nbsp;no Centro de Eventos Brasil 21, em Bras\u00edlia, Distrito Federal.<\/p>\n\n\n\n<p>Atualmente ocupando a presid\u00eancia da Funda\u00e7\u00e3o Jo\u00e3o Mangabeira, do PSB, Ricardo dever\u00e1 ser um dos comandantes do Observat\u00f3rio, que ser\u00e1 composto tamb\u00e9m por representa\u00e7\u00f5es de outros seis partidos.<\/p>\n\n\n\n<p>O Observat\u00f3rio da Democracia ser\u00e1 formado pelas funda\u00e7\u00f5es Jo\u00e3o Mangabeira (PSB), Lauro Campos (PSOL), Leonel Brizola-Alberto Pasqualini (PDT), Maur\u00edcio Grabois (PCdoB), da Ordem Social (PROS), 1\u00ba de Maio (Solidariedade) e Perseu Abramo (PT).<br><\/p>\n","protected":false},"excerpt":{"rendered":"<p>O ex-governador da Para\u00edba, Ricardo Coutinho, inaugura nesta quinta-feira (31), o Observat\u00f3rio da Democracia, em Bras\u00edlia. A solenidade de inaugura\u00e7\u00e3o acontece \u00e0s 17h,&nbsp;no Centro de&hellip; <\/p>\n","protected":false},"author":1,"featured_media":82775,"comment_status":"closed","ping_status":"closed","sticky":false,"template":"","format":"standard","meta":{"sfsi_plus_gutenberg_text_before_share":"","sfsi_plus_gutenberg_show_text_before_share":"","sfsi_plus_gutenberg_icon_type":"","sfsi_plus_gutenberg_icon_alignemt":"","sfsi_plus_gutenburg_max_per_row":"","footnotes":""},"categories":[11],"tags":[],"class_list":["post-82774","post","type-post","status-publish","format-standard","has-post-thumbnail","hentry","category-politica"],"_links":{"self":[{"href":"https:\/\/www.caririemacao.com\/1\/wp-json\/wp\/v2\/posts\/82774","targetHints":{"allow":["GET"]}}],"collection":[{"href":"https:\/\/www.caririemacao.com\/1\/wp-json\/wp\/v2\/posts"}],"about":[{"href":"https:\/\/www.caririemacao.com\/1\/wp-json\/wp\/v2\/types\/post"}],"author":[{"embeddable":true,"href":"https:\/\/www.caririemacao.com\/1\/wp-json\/wp\/v2\/users\/1"}],"replies":[{"embeddable":true,"href":"https:\/\/www.caririemacao.com\/1\/wp-json\/wp\/v2\/comments?post=82774"}],"version-history":[{"count":1,"href":"https:\/\/www.caririemacao.com\/1\/wp-json\/wp\/v2\/posts\/82774\/revisions"}],"predecessor-version":[{"id":82776,"href":"https:\/\/www.caririemacao.com\/1\/wp-json\/wp\/v2\/posts\/82774\/revisions\/82776"}],"wp:featuredmedia":[{"embeddable":true,"href":"https:\/\/www.caririemacao.com\/1\/wp-json\/wp\/v2\/media\/82775"}],"wp:attachment":[{"href":"https:\/\/www.caririemacao.com\/1\/wp-json\/wp\/v2\/media?parent=82774"}],"wp:term":[{"taxonomy":"category","embeddable":true,"href":"https:\/\/www.caririemacao.com\/1\/wp-json\/wp\/v2\/categories?post=82774"},{"taxonomy":"post_tag","embeddable":true,"href":"https:\/\/www.caririemacao.com\/1\/wp-json\/wp\/v2\/tags?post=82774"}],"curies":[{"name":"wp","href":"https:\/\/api.w.org\/{rel}","templated":true}]}}