{"id":82778,"date":"2019-01-31T14:44:43","date_gmt":"2019-01-31T17:44:43","guid":{"rendered":"http:\/\/www.caririemacao.com\/1\/?p=82778"},"modified":"2019-01-31T14:44:47","modified_gmt":"2019-01-31T17:44:47","slug":"ha-4-dias-sem-energia-consumidores-se-revolta-com-a-energisa-em-sao-sebastiao-do-umbuzeiro","status":"publish","type":"post","link":"https:\/\/www.caririemacao.com\/1\/2019\/01\/31\/ha-4-dias-sem-energia-consumidores-se-revolta-com-a-energisa-em-sao-sebastiao-do-umbuzeiro\/","title":{"rendered":"H\u00e1 4 dias sem energia, consumidores se revolta com a Energisa em S\u00e3o Sebasti\u00e3o do Umbuzeiro"},"content":{"rendered":"\n<p>Ap\u00f3s a forte ventania ocorrida na \u00faltima segunda-feira, dia 28, em S\u00e3o Sebasti\u00e3o do Umbuzeiro, muitas ruas do munic\u00edpio ainda est\u00e3o com problemas de falta de energia el\u00e9trica.<\/p>\n\n\n\n<p>Em contato com o Blog do Didi, varias pessoas prejudicadas criticaram a empresa Energisa, pela falta de aten\u00e7\u00e3o com os consumidores do munic\u00edpio, que est\u00e3o sem energia el\u00e9trica a mais de quatros dias.<\/p>\n\n\n\n<p>\u201cTodas as comidas que estavam na geladeira j\u00e1 estragaram, estamos passando calor, est\u00e1 insuport\u00e1vel ficar aqui em casa nessas condi\u00e7\u00f5es, nem cozinhar a gente pode\u201d, reclama uma consumidora que n\u00e3o quis se identificar e \u00e9 moradora da Rua Messias Monteiro de Lira.<\/p>\n\n\n\n<p>\u201cDescaso total, perdi comida, paci\u00eancia, sono e ainda a empresa desde segunda manda esperar 5h. Se fosse atraso de pagamento eles j\u00e1 enviariam amea\u00e7a de colocar no SPC e de corte. Talvez por nossa cidade ser pequena a empresa faz pouco caso e nos trata sempre como \u00faltima op\u00e7\u00e3o,\u201d relatou o consumidor Robson que \u00e9 morador da Rua Dr. Andre Bezerra.<\/p>\n\n\n\n<figure class=\"wp-block-image\"><img decoding=\"async\" data-src=\"http:\/\/www.blogdodidi.com.br\/wp-content\/uploads\/2019\/01\/Robson-Reclama%C3%A7%C3%A3o-Energisa-532x1024.jpg\" alt=\"\" class=\"wp-image-82642 lazyload\" src=\"data:image\/svg+xml;base64,PHN2ZyB3aWR0aD0iMSIgaGVpZ2h0PSIxIiB4bWxucz0iaHR0cDovL3d3dy53My5vcmcvMjAwMC9zdmciPjwvc3ZnPg==\" style=\"--smush-placeholder-width: 532px; --smush-placeholder-aspect-ratio: 532\/1024;\" \/><figcaption>Reclama\u00e7\u00f5es do consumidor Robson<\/figcaption><\/figure>\n\n\n\n<p>De acordo com os leitores, a concession\u00e1ria informou que, o servi\u00e7o seria reestabelecido, mas, at\u00e9 \u00e1s 11:15 desta quinta-feira, as fam\u00edlias continua sem energia el\u00e9trica.<\/p>\n\n\n\n<p>A reda\u00e7\u00e3o do Blog tentou entrar em contato com a Energisa mais n\u00e3o teve respostas veja abaixo a reclama\u00e7\u00e3o.<br><\/p>\n","protected":false},"excerpt":{"rendered":"<p>Ap\u00f3s a forte ventania ocorrida na \u00faltima segunda-feira, dia 28, em S\u00e3o Sebasti\u00e3o do Umbuzeiro, muitas ruas do munic\u00edpio ainda est\u00e3o com problemas de falta&hellip; <\/p>\n","protected":false},"author":1,"featured_media":49306,"comment_status":"closed","ping_status":"closed","sticky":false,"template":"","format":"standard","meta":{"sfsi_plus_gutenberg_text_before_share":"","sfsi_plus_gutenberg_show_text_before_share":"","sfsi_plus_gutenberg_icon_type":"","sfsi_plus_gutenberg_icon_alignemt":"","sfsi_plus_gutenburg_max_per_row":"","footnotes":""},"categories":[6],"tags":[],"class_list":["post-82778","post","type-post","status-publish","format-standard","has-post-thumbnail","hentry","category-cidades"],"_links":{"self":[{"href":"https:\/\/www.caririemacao.com\/1\/wp-json\/wp\/v2\/posts\/82778","targetHints":{"allow":["GET"]}}],"collection":[{"href":"https:\/\/www.caririemacao.com\/1\/wp-json\/wp\/v2\/posts"}],"about":[{"href":"https:\/\/www.caririemacao.com\/1\/wp-json\/wp\/v2\/types\/post"}],"author":[{"embeddable":true,"href":"https:\/\/www.caririemacao.com\/1\/wp-json\/wp\/v2\/users\/1"}],"replies":[{"embeddable":true,"href":"https:\/\/www.caririemacao.com\/1\/wp-json\/wp\/v2\/comments?post=82778"}],"version-history":[{"count":1,"href":"https:\/\/www.caririemacao.com\/1\/wp-json\/wp\/v2\/posts\/82778\/revisions"}],"predecessor-version":[{"id":82779,"href":"https:\/\/www.caririemacao.com\/1\/wp-json\/wp\/v2\/posts\/82778\/revisions\/82779"}],"wp:featuredmedia":[{"embeddable":true,"href":"https:\/\/www.caririemacao.com\/1\/wp-json\/wp\/v2\/media\/49306"}],"wp:attachment":[{"href":"https:\/\/www.caririemacao.com\/1\/wp-json\/wp\/v2\/media?parent=82778"}],"wp:term":[{"taxonomy":"category","embeddable":true,"href":"https:\/\/www.caririemacao.com\/1\/wp-json\/wp\/v2\/categories?post=82778"},{"taxonomy":"post_tag","embeddable":true,"href":"https:\/\/www.caririemacao.com\/1\/wp-json\/wp\/v2\/tags?post=82778"}],"curies":[{"name":"wp","href":"https:\/\/api.w.org\/{rel}","templated":true}]}}