{"id":82780,"date":"2019-01-31T15:21:28","date_gmt":"2019-01-31T18:21:28","guid":{"rendered":"http:\/\/www.caririemacao.com\/1\/?p=82780"},"modified":"2019-01-31T15:21:33","modified_gmt":"2019-01-31T18:21:33","slug":"sume-e-outras-cidades-da-pb-esta-sob-alerta-de-chuva-intensa-tempestade-de-raios-e-vendaval","status":"publish","type":"post","link":"https:\/\/www.caririemacao.com\/1\/2019\/01\/31\/sume-e-outras-cidades-da-pb-esta-sob-alerta-de-chuva-intensa-tempestade-de-raios-e-vendaval\/","title":{"rendered":"Sum\u00e9 e outras cidades da PB est\u00e1 sob alerta de chuva intensa, tempestade de raios e vendaval"},"content":{"rendered":"\n<p>Quase todo o estado da Para\u00edba est\u00e1 sob alerta de chuvas intensa, tempestade de raios e vendaval nesta quinta-feira (31). O&nbsp;<a href=\"https:\/\/www.cptec.inpe.br\/\" target=\"_blank\" rel=\"noreferrer noopener\"><strong>alerta foi emitido pelo Centro de Previs\u00e3o do Tempo e Estudos Clim\u00e1ticos<\/strong><\/a>(CPTEC) e \u00e9 v\u00e1lido at\u00e9 as 23h59 (hor\u00e1rio de Bras\u00edlia) desta quinta-feira (31). Por\u00e9m, para alguns munic\u00edpios o alerta foi prorrogado at\u00e9 esta sexta-feira (1\u00ba).<\/p>\n\n\n\n<p>O alerta desta quinta \u00e9 v\u00e1lido para 217 dos 223 munic\u00edpios paraibanos. Conforme o CPTEC, caso o fen\u00f4meno ocorra \u00e9 necess\u00e1rio que a popula\u00e7\u00e3o entre em contato com a Defesa Civil do Estado (3218-4678) e Corpo de Bombeiros (193) para receber orienta\u00e7\u00f5es de seguran\u00e7a ou informar sobre deslizamento de terra ou alagamentos.<\/p>\n\n\n\n<p><strong>Veja abaixo a lista completa de munic\u00edpios que podem ser afetados pelas chuvas e ventos.<\/strong><\/p>\n\n\n\n<p>Aguiar<\/p>\n\n\n\n<p>Alagoa Grande<\/p>\n\n\n\n<p>Alagoa Nova<\/p>\n\n\n\n<p>Alagoinha<\/p>\n\n\n\n<p>Alcantil<\/p>\n\n\n\n<p>Algod\u00e3o de Janda\u00edra<\/p>\n\n\n\n<p>Alhandra<\/p>\n\n\n\n<p>Amparo<\/p>\n\n\n\n<p>Antenor Navarro<\/p>\n\n\n\n<p>Aparecida<\/p>\n\n\n\n<p>Ara\u00e7agi<\/p>\n\n\n\n<p>Arara<\/p>\n\n\n\n<p>Araruna<\/p>\n\n\n\n<p>Areia<\/p>\n\n\n\n<p>Areia de Bara\u00fanas<\/p>\n\n\n\n<p>Areial<\/p>\n\n\n\n<p>Aroeiras<\/p>\n\n\n\n<p>Assun\u00e7\u00e3o<\/p>\n\n\n\n<p>Ba\u00eda da Trai\u00e7\u00e3o<\/p>\n\n\n\n<p>Bananeiras<\/p>\n\n\n\n<p>Bara\u00fana<\/p>\n\n\n\n<p>Barra de Camaratuba<\/p>\n\n\n\n<p>Barra de Santana<\/p>\n\n\n\n<p>Barra de Santa Rosa<\/p>\n\n\n\n<p>Barra de S\u00e3o Miguel<\/p>\n\n\n\n<p>Bayeux<\/p>\n\n\n\n<p>Bel\u00e9m<\/p>\n\n\n\n<p>Bel\u00e9m do Brejo do Cruz<\/p>\n\n\n\n<p>Bernardino Batista<\/p>\n\n\n\n<p>Boa Ventura<\/p>\n\n\n\n<p>Boa Vista<\/p>\n\n\n\n<p>Bom Jesus<\/p>\n\n\n\n<p>Bom Sucesso<\/p>\n\n\n\n<p>Bonito de Santa F\u00e9<\/p>\n\n\n\n<p>Boqueir\u00e3o<\/p>\n\n\n\n<p>Borborema<\/p>\n\n\n\n<p>Brejo do Cruz<\/p>\n\n\n\n<p>Brejo dos Santos<\/p>\n\n\n\n<p>Cabaceiras<\/p>\n\n\n\n<p>Cachoeira dos \u00cdndios<\/p>\n\n\n\n<p>Cacimba de Areia<\/p>\n\n\n\n<p>Cacimba de Dentro<\/p>\n\n\n\n<p>Cacimbas<\/p>\n\n\n\n<p>Cai\u00e7ara<\/p>\n\n\n\n<p>Cajazeiras<\/p>\n\n\n\n<p>Cajazeirinhas<\/p>\n\n\n\n<p>Caldas Brand\u00e3o<\/p>\n\n\n\n<p>Camala\u00fa<\/p>\n\n\n\n<p>Campina Grande<\/p>\n\n\n\n<p>Campo de Santana<\/p>\n\n\n\n<p>Capim<\/p>\n\n\n\n<p>Cara\u00fabas<\/p>\n\n\n\n<p>Carrapateira<\/p>\n\n\n\n<p>Casserengue<\/p>\n\n\n\n<p>Catingueira<\/p>\n\n\n\n<p>Catol\u00e9 do Rocha<\/p>\n\n\n\n<p>Caturit\u00e9<\/p>\n\n\n\n<p>Concei\u00e7\u00e3o<\/p>\n\n\n\n<p>Condado<\/p>\n\n\n\n<p>Conde<\/p>\n\n\n\n<p>Congo<\/p>\n\n\n\n<p>Coremas<\/p>\n\n\n\n<p>Coxixola<\/p>\n\n\n\n<p>Cruz do Esp\u00edrito Santo<\/p>\n\n\n\n<p>Cubati<\/p>\n\n\n\n<p>Cuit\u00e9<\/p>\n\n\n\n<p>Cuit\u00e9 de Mamanguape<\/p>\n\n\n\n<p>Cuitegi<\/p>\n\n\n\n<p>Curral de Cima<\/p>\n\n\n\n<p>Curral Velho<\/p>\n\n\n\n<p>Dami\u00e3o<\/p>\n\n\n\n<p>Desterro<\/p>\n\n\n\n<p>Diamante<\/p>\n\n\n\n<p>Dona In\u00eas<\/p>\n\n\n\n<p>Duas Estradas<\/p>\n\n\n\n<p>Emas<\/p>\n\n\n\n<p>Esperan\u00e7a<\/p>\n\n\n\n<p>Fagundes<\/p>\n\n\n\n<p>Frei Martinho<\/p>\n\n\n\n<p>Gado Bravo<\/p>\n\n\n\n<p>Guarabira<\/p>\n\n\n\n<p>Gurinh\u00e9m<\/p>\n\n\n\n<p>Gurj\u00e3o<\/p>\n\n\n\n<p>Ibiara<\/p>\n\n\n\n<p>Igaracy<\/p>\n\n\n\n<p>Imaculada<\/p>\n\n\n\n<p>Ing\u00e1<\/p>\n\n\n\n<p>Itabaiana<\/p>\n\n\n\n<p>Itaporanga<\/p>\n\n\n\n<p>Itapororoca<\/p>\n\n\n\n<p>Itatuba<\/p>\n\n\n\n<p>Jacara\u00fa<\/p>\n\n\n\n<p>Jeric\u00f3<\/p>\n\n\n\n<p>Jo\u00e3o Pessoa<\/p>\n\n\n\n<p>Juarez T\u00e1vora<\/p>\n\n\n\n<p>Juazeirinho<\/p>\n\n\n\n<p>Junco do Serid\u00f3<\/p>\n\n\n\n<p>Juripiranga<\/p>\n\n\n\n<p>Juru<\/p>\n\n\n\n<p>Lagoa<\/p>\n\n\n\n<p>Lagoa de Dentro<\/p>\n\n\n\n<p>Lagoa Seca<\/p>\n\n\n\n<p>Lastro<\/p>\n\n\n\n<p>Livramento<\/p>\n\n\n\n<p>Logradouro<\/p>\n\n\n\n<p>Lucena<\/p>\n\n\n\n<p>M\u00e3e D\u2019\u00c1gua<\/p>\n\n\n\n<p>Malta<\/p>\n\n\n\n<p>Mamanguape<\/p>\n\n\n\n<p>Mana\u00edra<\/p>\n\n\n\n<p>Marca\u00e7\u00e3o<\/p>\n\n\n\n<p>Mari<\/p>\n\n\n\n<p>Mariz\u00f3polis<\/p>\n\n\n\n<p>Massaranduba<\/p>\n\n\n\n<p>Mataraca<\/p>\n\n\n\n<p>Matinhas<\/p>\n\n\n\n<p>Mato Grosso<\/p>\n\n\n\n<p>Matur\u00e9ia<\/p>\n\n\n\n<p>Mogeiro<\/p>\n\n\n\n<p>Montadas<\/p>\n\n\n\n<p>Monte Horebe<\/p>\n\n\n\n<p>Monteiro<\/p>\n\n\n\n<p>Mulungu<\/p>\n\n\n\n<p>Nazarezinho<\/p>\n\n\n\n<p>Nova Floresta<\/p>\n\n\n\n<p>Nova Olinda<\/p>\n\n\n\n<p>Nova Palmeira<\/p>\n\n\n\n<p>Olho D\u2019\u00c1gua<\/p>\n\n\n\n<p>Olivedos<\/p>\n\n\n\n<p>Ouro Velho<\/p>\n\n\n\n<p>Parari<\/p>\n\n\n\n<p>Passagem<\/p>\n\n\n\n<p>Patos<\/p>\n\n\n\n<p>Paulista<\/p>\n\n\n\n<p>Pedra Branca<\/p>\n\n\n\n<p>Pedra Lavrada<\/p>\n\n\n\n<p>Pedras de Fogo<\/p>\n\n\n\n<p>Pedro R\u00e9gis<\/p>\n\n\n\n<p>Pianc\u00f3<\/p>\n\n\n\n<p>Picu\u00ed<\/p>\n\n\n\n<p>Pilar<\/p>\n\n\n\n<p>Pil\u00f5es<\/p>\n\n\n\n<p>Pil\u00f5ezinhos<\/p>\n\n\n\n<p>Pirpirituba<\/p>\n\n\n\n<p>Pocinhos<\/p>\n\n\n\n<p>Po\u00e7o Dantas<\/p>\n\n\n\n<p>Po\u00e7o de Jos\u00e9 de Moura<\/p>\n\n\n\n<p>Pombal<\/p>\n\n\n\n<p>Prata<\/p>\n\n\n\n<p>Princesa Isabel<\/p>\n\n\n\n<p>Puxinan\u00e3<\/p>\n\n\n\n<p>Queimadas<\/p>\n\n\n\n<p>Quixab\u00e1<\/p>\n\n\n\n<p>Riach\u00e3o<\/p>\n\n\n\n<p>Riach\u00e3o do Bacamarte<\/p>\n\n\n\n<p>Riach\u00e3o do Po\u00e7o<\/p>\n\n\n\n<p>Riacho de Santo Ant\u00f4nio<\/p>\n\n\n\n<p>Riacho dos Cavalos<\/p>\n\n\n\n<p>Rio Tinto<\/p>\n\n\n\n<p>Salgadinho<\/p>\n\n\n\n<p>Salgado de S\u00e3o F\u00e9lix<\/p>\n\n\n\n<p>Santa Cruz<\/p>\n\n\n\n<p>Santa Helena<\/p>\n\n\n\n<p>Santa In\u00eas<\/p>\n\n\n\n<p>Santa Luzia<\/p>\n\n\n\n<p>Santana de Mangueira<\/p>\n\n\n\n<p>Santana dos Garrotes<\/p>\n\n\n\n<p>Santar\u00e9m<\/p>\n\n\n\n<p>Santa Rita<\/p>\n\n\n\n<p>Santa Teresinha<\/p>\n\n\n\n<p>Santo Andr\u00e9<\/p>\n\n\n\n<p>S\u00e3o Bentinho<\/p>\n\n\n\n<p>S\u00e3o Bento<\/p>\n\n\n\n<p>S\u00e3o Bento de Pombal<\/p>\n\n\n\n<p>S\u00e3o Domingos<\/p>\n\n\n\n<p>S\u00e3o Domingos do Cariri<\/p>\n\n\n\n<p>S\u00e3o Francisco<\/p>\n\n\n\n<p>S\u00e3o Jo\u00e3o do Cariri<\/p>\n\n\n\n<p>S\u00e3o Jo\u00e3o do Rio do Peixe<\/p>\n\n\n\n<p>S\u00e3o Jos\u00e9 da Lagoa Tapada<\/p>\n\n\n\n<p>S\u00e3o Jos\u00e9 de Caiana<\/p>\n\n\n\n<p>S\u00e3o Jos\u00e9 de Espinharas<\/p>\n\n\n\n<p>S\u00e3o Jos\u00e9 de Piranhas<\/p>\n\n\n\n<p>S\u00e3o Jos\u00e9 de Princesa<\/p>\n\n\n\n<p>S\u00e3o Jos\u00e9 do Bonfim<\/p>\n\n\n\n<p>S\u00e3o Jos\u00e9 do Brejo do Cruz<\/p>\n\n\n\n<p>S\u00e3o Jos\u00e9 do Sabugi<\/p>\n\n\n\n<p>S\u00e3o Jos\u00e9 dos Cordeiros<\/p>\n\n\n\n<p>S\u00e3o Jos\u00e9 dos Ramos<\/p>\n\n\n\n<p>S\u00e3o Mamede<\/p>\n\n\n\n<p>S\u00e3o Miguel de Taipu<\/p>\n\n\n\n<p>S\u00e3o Sebasti\u00e3o de Lagoa de Ro\u00e7a<\/p>\n\n\n\n<p>Sap\u00e9<\/p>\n\n\n\n<p>Serid\u00f3<\/p>\n\n\n\n<p>Serra Branca<\/p>\n\n\n\n<p>Serra da Raiz<\/p>\n\n\n\n<p>Serra Grande<\/p>\n\n\n\n<p>Serra Redonda<\/p>\n\n\n\n<p>Serraria<\/p>\n\n\n\n<p>Sert\u00e3ozinho<\/p>\n\n\n\n<p>Sobrado<\/p>\n\n\n\n<p>Sol\u00e2nea<\/p>\n\n\n\n<p>Soledade<\/p>\n\n\n\n<p>Soss\u00eago<\/p>\n\n\n\n<p>Sousa<\/p>\n\n\n\n<p>Sum\u00e9<\/p>\n\n\n\n<p>Tacima<\/p>\n\n\n\n<p>Tapero\u00e1<\/p>\n\n\n\n<p>Tavares<\/p>\n\n\n\n<p>Teixeira<\/p>\n\n\n\n<p>Ten\u00f3rio<\/p>\n\n\n\n<p>Triunfo<\/p>\n\n\n\n<p>Uira\u00fana<\/p>\n\n\n\n<p>V\u00e1rzea<\/p>\n\n\n\n<p>Vieir\u00f3polis<\/p>\n\n\n\n<p>Vista Serrana<\/p>\n","protected":false},"excerpt":{"rendered":"<p>Quase todo o estado da Para\u00edba est\u00e1 sob alerta de chuvas intensa, tempestade de raios e vendaval nesta quinta-feira (31). O&nbsp;alerta foi emitido pelo Centro&hellip; <\/p>\n","protected":false},"author":1,"featured_media":82781,"comment_status":"closed","ping_status":"closed","sticky":false,"template":"","format":"standard","meta":{"sfsi_plus_gutenberg_text_before_share":"","sfsi_plus_gutenberg_show_text_before_share":"","sfsi_plus_gutenberg_icon_type":"","sfsi_plus_gutenberg_icon_alignemt":"","sfsi_plus_gutenburg_max_per_row":"","footnotes":""},"categories":[50,2],"tags":[],"class_list":["post-82780","post","type-post","status-publish","format-standard","has-post-thumbnail","hentry","category-destaque","category-geral"],"_links":{"self":[{"href":"https:\/\/www.caririemacao.com\/1\/wp-json\/wp\/v2\/posts\/82780","targetHints":{"allow":["GET"]}}],"collection":[{"href":"https:\/\/www.caririemacao.com\/1\/wp-json\/wp\/v2\/posts"}],"about":[{"href":"https:\/\/www.caririemacao.com\/1\/wp-json\/wp\/v2\/types\/post"}],"author":[{"embeddable":true,"href":"https:\/\/www.caririemacao.com\/1\/wp-json\/wp\/v2\/users\/1"}],"replies":[{"embeddable":true,"href":"https:\/\/www.caririemacao.com\/1\/wp-json\/wp\/v2\/comments?post=82780"}],"version-history":[{"count":1,"href":"https:\/\/www.caririemacao.com\/1\/wp-json\/wp\/v2\/posts\/82780\/revisions"}],"predecessor-version":[{"id":82782,"href":"https:\/\/www.caririemacao.com\/1\/wp-json\/wp\/v2\/posts\/82780\/revisions\/82782"}],"wp:featuredmedia":[{"embeddable":true,"href":"https:\/\/www.caririemacao.com\/1\/wp-json\/wp\/v2\/media\/82781"}],"wp:attachment":[{"href":"https:\/\/www.caririemacao.com\/1\/wp-json\/wp\/v2\/media?parent=82780"}],"wp:term":[{"taxonomy":"category","embeddable":true,"href":"https:\/\/www.caririemacao.com\/1\/wp-json\/wp\/v2\/categories?post=82780"},{"taxonomy":"post_tag","embeddable":true,"href":"https:\/\/www.caririemacao.com\/1\/wp-json\/wp\/v2\/tags?post=82780"}],"curies":[{"name":"wp","href":"https:\/\/api.w.org\/{rel}","templated":true}]}}