{"id":82799,"date":"2019-01-31T23:45:57","date_gmt":"2019-02-01T02:45:57","guid":{"rendered":"http:\/\/www.caririemacao.com\/1\/?p=82799"},"modified":"2019-01-31T23:46:00","modified_gmt":"2019-02-01T02:46:00","slug":"entidades-lancam-nota-de-apoio-a-acao-conjunta-da-prefeitura-de-monteiro-e-policia-militar","status":"publish","type":"post","link":"https:\/\/www.caririemacao.com\/1\/2019\/01\/31\/entidades-lancam-nota-de-apoio-a-acao-conjunta-da-prefeitura-de-monteiro-e-policia-militar\/","title":{"rendered":"Entidades lan\u00e7am nota de apoio a a\u00e7\u00e3o conjunta da Prefeitura de Monteiro e Pol\u00edcia Militar"},"content":{"rendered":"\n<div class=\"wp-block-image\"><figure class=\"alignleft\"><img decoding=\"async\" data-src=\"http:\/\/www.vitrinedocariri.com.br\/wp-content\/uploads\/2019\/01\/WhatsApp-Image-2019-01-31-at-13.29.56-300x198.jpeg\" alt=\"\" class=\"wp-image-34204 lazyload\" src=\"data:image\/svg+xml;base64,PHN2ZyB3aWR0aD0iMSIgaGVpZ2h0PSIxIiB4bWxucz0iaHR0cDovL3d3dy53My5vcmcvMjAwMC9zdmciPjwvc3ZnPg==\" style=\"--smush-placeholder-width: 300px; --smush-placeholder-aspect-ratio: 300\/198;\" \/><\/figure><\/div>\n\n\n\n<p>&nbsp;O Instituto de Acesso \u00e0 Cidadania Ednice Maria Batista da Silva, o chefe do Grupo de Educa\u00e7\u00e3o para o Tr\u00e2nsito da Pol\u00edcia Rodovi\u00e1ria Federal na Para\u00edba e a representante do Observat\u00f3rio Nacional de Seguran\u00e7a Vi\u00e1ria e do Maio Amarelo na Para\u00edba &nbsp;emitiram, nesta quinta-feira (31), uma nota de apoio \u00e0 a\u00e7\u00e3o conjunta da Prefeitura de Monteiro e da Pol\u00edcia Militar da Para\u00edba para ampliar a fiscaliza\u00e7\u00e3o de tr\u00e2nsito em Monteiro, no Cariri da Para\u00edba.<\/p>\n\n\n\n<div class=\"wp-block-image\"><figure class=\"alignleft\"><img decoding=\"async\" data-src=\"http:\/\/www.vitrinedocariri.com.br\/wp-content\/uploads\/2019\/01\/WhatsApp-Image-2019-01-31-at-13.29.55-300x169.jpeg\" alt=\"\" class=\"wp-image-34202 lazyload\" src=\"data:image\/svg+xml;base64,PHN2ZyB3aWR0aD0iMSIgaGVpZ2h0PSIxIiB4bWxucz0iaHR0cDovL3d3dy53My5vcmcvMjAwMC9zdmciPjwvc3ZnPg==\" style=\"--smush-placeholder-width: 300px; --smush-placeholder-aspect-ratio: 300\/169;\" \/><\/figure><\/div>\n\n\n\n<p>De acordo com Alcimar Martins, presidente do Instituto de Acesso \u00e0 Cidadania, a a\u00e7\u00e3o tem o objetivo reduzir o n\u00famero de v\u00edtimas de acidente de tr\u00e2nsito em Monteiro.\u201dPrecisamos reverter essa triste estat\u00edstica de mortes no tr\u00e2nsito em Monteiro, o&nbsp;poder p\u00fablico n\u00e3o pode fechar os olhos para as fam\u00edlias que s\u00e3o afetadas pelos constantes acidentes que ocorrem em nossa cidade. E a parceria firmada entre a Prefeitura e a Pol\u00edcia Militar busca exatamente isso, salvar vidas, prevenir acidentes\u201d, explica.<\/p>\n\n\n\n<p>A nota emitida pelo instituto afirma, ainda, que a a\u00e7\u00e3o faz parte das a\u00e7\u00f5es da D\u00e9cada de A\u00e7\u00e3o Pela Seguran\u00e7a no Tr\u00e2nsito 2011-2020, lan\u00e7ada pela Organiza\u00e7\u00e3o das Na\u00e7\u00f5es Unidas (ONU) e lembra que as porventuras multas infracionais s\u00e3o revertidas em benef\u00edcios para a popula\u00e7\u00e3o de Monteiro.<\/p>\n\n\n\n<div class=\"wp-block-image\"><figure class=\"alignleft\"><img decoding=\"async\" data-src=\"http:\/\/www.vitrinedocariri.com.br\/wp-content\/uploads\/2019\/01\/WhatsApp-Image-2019-01-31-at-13.29.56-1-300x169.jpeg\" alt=\"\" class=\"wp-image-34203 lazyload\" src=\"data:image\/svg+xml;base64,PHN2ZyB3aWR0aD0iMSIgaGVpZ2h0PSIxIiB4bWxucz0iaHR0cDovL3d3dy53My5vcmcvMjAwMC9zdmciPjwvc3ZnPg==\" style=\"--smush-placeholder-width: 300px; --smush-placeholder-aspect-ratio: 300\/169;\" \/><\/figure><\/div>\n\n\n\n<p>\u201c\u00c9 importante ressaltar que de acordo com o artigo 320 do C\u00f3digo de Tr\u00e2nsito Brasileiro (Lei n\u00ba 9.503 de 23 de setembro de 1997) determina \u201cA receita arrecadada com a cobran\u00e7a das multas de tr\u00e2nsito ser\u00e1 aplicada, exclusivamente, em sinaliza\u00e7\u00e3o, engenharia de tr\u00e1fego, de campo, policiamento, fiscaliza\u00e7\u00e3o e educa\u00e7\u00e3o de tr\u00e2nsito\u201d. Ou seja, os valores que por ventura venham a ser arrecadados com a aplica\u00e7\u00e3o de multas infracionais s\u00e3o revertidos em melhorias e benef\u00edcios para os cidad\u00e3os e as cidad\u00e3s de Monteiro\u201d, diz a nota.<\/p>\n\n\n\n<p><strong>Confira a Nota na \u00edntegra:<\/strong><\/p>\n\n\n\n<p>NOTA DE APOIO<\/p>\n\n\n\n<p><em>O Instituto de Acesso \u00e0 Cidadania Ednice Maria Batista da Silva, atrav\u00e9s de seu presidente, Alcimar Martins, o Chefe do Grupo de Educa\u00e7\u00e3o Para o Tr\u00e2nsito da Pol\u00edcia Rodovi\u00e1ria Federal na Para\u00edba (PRF-PB), Cledson Augusto Ferreira e a representante do Observat\u00f3rio Nacional de Seguran\u00e7a Vi\u00e1ria e do Movimento Maio Amarelo na Para\u00edba, Abimadabe Vieira, v\u00eam a p\u00fablica manifestar seu incondicional apoio \u00e0 a\u00e7\u00e3o conjunta da Prefeitura Municipal de Monteiro e da Pol\u00edcia Militar do Estado da Para\u00edba para fortalecer as pol\u00edticas p\u00fablicas de seguran\u00e7a no tr\u00e2nsito.<\/em><\/p>\n\n\n\n<p><em>A viol\u00eancia no tr\u00e2nsito \u00e9 a nona maior causa de mortos em todo o mundo. De acordo com a Organiza\u00e7\u00e3o das Na\u00e7\u00f5es Unidas (ONU), cerca de 1,25 milh\u00f5es de pessoas morrem v\u00edtima da inseguran\u00e7a no tr\u00e2nsito. Na Para\u00edba, somente entre os meses de janeiro a setembro de 2018, foram atendidas mais de 8 mil pessoas no Hospital Regional de Campina Grande, v\u00edtimas de acidente de tr\u00e2nsito. Tais n\u00fameros fizeram a ONU lan\u00e7ar a D\u00e9cada de A\u00e7\u00e3o Pela Seguran\u00e7a no Tr\u00e2nsito 2011-2020, \u201cna qual governos de todo o mundo se comprometem a tomar novas medidas para prevenir os acidentes no tr\u00e2nsito\u201d.<\/em><\/p>\n\n\n\n<p><em>E o munic\u00edpio de Monteiro n\u00e3o fica de fora dessa estat\u00edstica, diariamente monteirenses s\u00e3o v\u00edtimas de acidentes de tr\u00e2nsito. Portanto, todas as medidas que buscam reduzir o consumo de bebidas alco\u00f3licas por motoristas, o aumento do uso de capacetes, cintos de seguran\u00e7a, entre outras medidas de seguran\u00e7a devem ser aplaudidas e fomentadas.<\/em><\/p>\n\n\n\n<p><em>\u201cPrecisamos reverter essa triste estat\u00edstica de mortes no tr\u00e2nsito em Monteiro, o poder p\u00fablico n\u00e3o pode fechar os olhos para as fam\u00edlias que s\u00e3o afetadas pelos constantes acidentes que ocorrem em nossa cidade. E a parceria firmada entre a Prefeitura e a Pol\u00edcia Militar busca exatamente isso, salvar vidas, prevenir acidentes\u201d, explica Alcimar Martins, Presidente do Instituto de Acesso \u00e0 Cidadania Ednice Maria Batista da Silva.<\/em><\/p>\n\n\n\n<p><em>A a\u00e7\u00e3o conjunta da Prefeitura de Monteiro e da Pol\u00edcia Militar da Para\u00edba conta com o apoio do Minist\u00e9rio P\u00fablico Estadual e Federal e da Comiss\u00e3o Municipal de Seguran\u00e7a P\u00fablica e tem como objetivo primordial fortalecer a seguran\u00e7a no Munic\u00edpio e, por conseguinte o melhoramento do tr\u00e2nsito com a\u00e7\u00f5es preventivas contra atos infracionais, tais como acidentes de tr\u00e2nsito, que n\u00e3o raras vezes matam e mutilam pessoas prejudicando fam\u00edlias inteiras, al\u00e9m da circula\u00e7\u00e3o de ve\u00edculos com restri\u00e7\u00f5es junto aos \u00f3rg\u00e3os de tr\u00e2nsito em decorr\u00eancia de roubos, furtos e etc.<\/em><\/p>\n\n\n\n<p><em>No entanto, lamentamos a tentativa de alguns indiv\u00edduos de tentar desvirtuar as a\u00e7\u00f5es em prol da vida feitas pela Prefeitura de Monteiro. A a\u00e7\u00e3o conjunta n\u00e3o possui um objetivo pecuni\u00e1rio como veiculado por alguns apresentadores, mas sim, educativa. \u00c9 importante ressaltar que de acordo com o artigo 320 do C\u00f3digo de Tr\u00e2nsito Brasileiro (Lei n\u00ba 9.503 de 23 de setembro de 1997) determina \u201cA receita arrecadada com a cobran\u00e7a das multas de tr\u00e2nsito ser\u00e1 aplicada, exclusivamente, em sinaliza\u00e7\u00e3o, engenharia de tr\u00e1fego, de campo, policiamento, fiscaliza\u00e7\u00e3o e educa\u00e7\u00e3o de tr\u00e2nsito\u201d. Ou seja, os valores que por ventura venham a ser arrecadados com a aplica\u00e7\u00e3o de multas infracionais s\u00e3o revertidos em melhorias e benef\u00edcios para os cidad\u00e3os e as cidad\u00e3s de Monteiro.<\/em><\/p>\n\n\n\n<p><em>Estamos diante de uma pol\u00edtica p\u00fablica que efetivamente busca trazer melhorias para os monteirenses, por isso reiteramos o nosso apoio integral \u00e0 parceria firmada entre a Prefeitura Municipal de Monteiro e a Pol\u00edcia Militar do Estado da Para\u00edba.<\/em><\/p>\n\n\n\n<p><em>Monteiro, 31 de janeiro de 2019.<\/em><\/p>\n\n\n\n<p><em>Alcimar Martins<\/em><\/p>\n\n\n\n<p><em>Presidente<\/em><\/p>\n\n\n\n<p><em>Instituto de Acesso \u00e0 Cidadania Ednice Maria Batista da Silva<\/em><\/p>\n\n\n\n<p><em>Cledson Augusto Ferreira<\/em><\/p>\n\n\n\n<p><em>Grupo de &nbsp;Educa\u00e7\u00e3o Para o Tr\u00e2nsito da Pol\u00edcia Rodovi\u00e1ria Federal na Para\u00edba<\/em><\/p>\n\n\n\n<p><em>Abimadabe Vieira<\/em><\/p>\n\n\n\n<p><em>Observat\u00f3rio Nacional de Seguran\u00e7a Vi\u00e1ria<\/em><\/p>\n\n\n\n<p><em>Maio Amarelo na Para\u00edba<\/em><\/p>\n","protected":false},"excerpt":{"rendered":"<p>&nbsp;O Instituto de Acesso \u00e0 Cidadania Ednice Maria Batista da Silva, o chefe do Grupo de Educa\u00e7\u00e3o para o Tr\u00e2nsito da Pol\u00edcia Rodovi\u00e1ria Federal na&hellip; <\/p>\n","protected":false},"author":1,"featured_media":82765,"comment_status":"closed","ping_status":"closed","sticky":false,"template":"","format":"standard","meta":{"sfsi_plus_gutenberg_text_before_share":"","sfsi_plus_gutenberg_show_text_before_share":"","sfsi_plus_gutenberg_icon_type":"","sfsi_plus_gutenberg_icon_alignemt":"","sfsi_plus_gutenburg_max_per_row":"","footnotes":""},"categories":[2],"tags":[],"class_list":["post-82799","post","type-post","status-publish","format-standard","has-post-thumbnail","hentry","category-geral"],"_links":{"self":[{"href":"https:\/\/www.caririemacao.com\/1\/wp-json\/wp\/v2\/posts\/82799","targetHints":{"allow":["GET"]}}],"collection":[{"href":"https:\/\/www.caririemacao.com\/1\/wp-json\/wp\/v2\/posts"}],"about":[{"href":"https:\/\/www.caririemacao.com\/1\/wp-json\/wp\/v2\/types\/post"}],"author":[{"embeddable":true,"href":"https:\/\/www.caririemacao.com\/1\/wp-json\/wp\/v2\/users\/1"}],"replies":[{"embeddable":true,"href":"https:\/\/www.caririemacao.com\/1\/wp-json\/wp\/v2\/comments?post=82799"}],"version-history":[{"count":1,"href":"https:\/\/www.caririemacao.com\/1\/wp-json\/wp\/v2\/posts\/82799\/revisions"}],"predecessor-version":[{"id":82800,"href":"https:\/\/www.caririemacao.com\/1\/wp-json\/wp\/v2\/posts\/82799\/revisions\/82800"}],"wp:featuredmedia":[{"embeddable":true,"href":"https:\/\/www.caririemacao.com\/1\/wp-json\/wp\/v2\/media\/82765"}],"wp:attachment":[{"href":"https:\/\/www.caririemacao.com\/1\/wp-json\/wp\/v2\/media?parent=82799"}],"wp:term":[{"taxonomy":"category","embeddable":true,"href":"https:\/\/www.caririemacao.com\/1\/wp-json\/wp\/v2\/categories?post=82799"},{"taxonomy":"post_tag","embeddable":true,"href":"https:\/\/www.caririemacao.com\/1\/wp-json\/wp\/v2\/tags?post=82799"}],"curies":[{"name":"wp","href":"https:\/\/api.w.org\/{rel}","templated":true}]}}