{"id":82801,"date":"2019-01-31T23:49:11","date_gmt":"2019-02-01T02:49:11","guid":{"rendered":"http:\/\/www.caririemacao.com\/1\/?p=82801"},"modified":"2019-01-31T23:49:14","modified_gmt":"2019-02-01T02:49:14","slug":"brasil-atinge-mais-de-30-milhoes-de-contratos-na-banda-larga-fixa-em-2018","status":"publish","type":"post","link":"https:\/\/www.caririemacao.com\/1\/2019\/01\/31\/brasil-atinge-mais-de-30-milhoes-de-contratos-na-banda-larga-fixa-em-2018\/","title":{"rendered":"Brasil atinge mais de 30 milh\u00f5es de contratos na banda larga fixa em 2018"},"content":{"rendered":"\n<p>O Brasil fechou o ano de 2018 com 31,05 milh\u00f5es de contratos ativos no servi\u00e7o de banda larga fixa de acordo com os dados divulgados pela Ag\u00eancia Nacional de Telecomunica\u00e7\u00f5es (Anatel) divulgados nesta quinta-feira (31). No ano passado, houve um incremento de 2,14 milh\u00f5es de assinaturas no servi\u00e7o (+7,41%). Em rela\u00e7\u00e3o \u00e0 novembro de 2018, dezembro registrou uma diminui\u00e7\u00e3o de 149,38 mil contratos (-0,48%).<\/p>\n\n\n\n<p>Os n\u00fameros finais do ano de 2018 informam que o Grupo Claro com 9,36 milh\u00f5es det\u00e9m o maior volume de assinantes (30,15% do total), seguida da Vivo com 7,58 milh\u00f5es (24,41%) e da Oi com 5,99 milh\u00f5es (19,31%). Desses, apenas a Claro com mais 467,01 mil contratos (+5,25%) apresentou crescimento, a Vivo teve uma diminui\u00e7\u00e3o de 5,37 mil clientes (-0,07%) e a Oi perda de 309,92 mil (-4,92%).<\/p>\n\n\n\n<p>Nos doze meses do ano passado, com exce\u00e7\u00e3o de Rond\u00f4nia e Roraima, todos os outros estados brasileiros registraram crescimento no servi\u00e7o de banda larga fixa. O maior aumento de contratos ativos foi no estado Amazonas, mais 39,01 mil linhas (13,83%), seguido da Para\u00edba com mais 38,97 mil (+13,43%) e do Cear\u00e1 com mais 98,42 mil (+13,31%). O estado de Rond\u00f4nia teve uma diminui\u00e7\u00e3o de 0,5 mil contratos (-0,37%) e Roraima menos 0,9 mil (-2,60%).<\/p>\n\n\n\n<p>Os n\u00fameros do servi\u00e7o de banda larga fixa est\u00e3o dispon\u00edveis no Portal da Anatel. A empresa Brisanet, que possui grande participa\u00e7\u00e3o de mercado em estados do Nordeste, n\u00e3o informou os dados de dezembro de 2018. Ent\u00e3o, para fins de c\u00e1lculo, foram usados os \u00faltimos n\u00fameros enviados por esta empresa \u00e0 Anatel, n\u00fameros de agosto de 2018.<\/p>\n","protected":false},"excerpt":{"rendered":"<p>O Brasil fechou o ano de 2018 com 31,05 milh\u00f5es de contratos ativos no servi\u00e7o de banda larga fixa de acordo com os dados divulgados&hellip; <\/p>\n","protected":false},"author":1,"featured_media":68679,"comment_status":"closed","ping_status":"closed","sticky":false,"template":"","format":"standard","meta":{"sfsi_plus_gutenberg_text_before_share":"","sfsi_plus_gutenberg_show_text_before_share":"","sfsi_plus_gutenberg_icon_type":"","sfsi_plus_gutenberg_icon_alignemt":"","sfsi_plus_gutenburg_max_per_row":"","footnotes":""},"categories":[2],"tags":[],"class_list":["post-82801","post","type-post","status-publish","format-standard","has-post-thumbnail","hentry","category-geral"],"_links":{"self":[{"href":"https:\/\/www.caririemacao.com\/1\/wp-json\/wp\/v2\/posts\/82801","targetHints":{"allow":["GET"]}}],"collection":[{"href":"https:\/\/www.caririemacao.com\/1\/wp-json\/wp\/v2\/posts"}],"about":[{"href":"https:\/\/www.caririemacao.com\/1\/wp-json\/wp\/v2\/types\/post"}],"author":[{"embeddable":true,"href":"https:\/\/www.caririemacao.com\/1\/wp-json\/wp\/v2\/users\/1"}],"replies":[{"embeddable":true,"href":"https:\/\/www.caririemacao.com\/1\/wp-json\/wp\/v2\/comments?post=82801"}],"version-history":[{"count":1,"href":"https:\/\/www.caririemacao.com\/1\/wp-json\/wp\/v2\/posts\/82801\/revisions"}],"predecessor-version":[{"id":82802,"href":"https:\/\/www.caririemacao.com\/1\/wp-json\/wp\/v2\/posts\/82801\/revisions\/82802"}],"wp:featuredmedia":[{"embeddable":true,"href":"https:\/\/www.caririemacao.com\/1\/wp-json\/wp\/v2\/media\/68679"}],"wp:attachment":[{"href":"https:\/\/www.caririemacao.com\/1\/wp-json\/wp\/v2\/media?parent=82801"}],"wp:term":[{"taxonomy":"category","embeddable":true,"href":"https:\/\/www.caririemacao.com\/1\/wp-json\/wp\/v2\/categories?post=82801"},{"taxonomy":"post_tag","embeddable":true,"href":"https:\/\/www.caririemacao.com\/1\/wp-json\/wp\/v2\/tags?post=82801"}],"curies":[{"name":"wp","href":"https:\/\/api.w.org\/{rel}","templated":true}]}}