{"id":82805,"date":"2019-02-01T07:11:03","date_gmt":"2019-02-01T10:11:03","guid":{"rendered":"http:\/\/www.caririemacao.com\/1\/?p=82805"},"modified":"2019-02-01T07:11:06","modified_gmt":"2019-02-01T10:11:06","slug":"prefeitos-paraibanos-parabenizam-veneziano-pela-posse-no-senado-e-demonstram-confianca-no-novo-senador","status":"publish","type":"post","link":"https:\/\/www.caririemacao.com\/1\/2019\/02\/01\/prefeitos-paraibanos-parabenizam-veneziano-pela-posse-no-senado-e-demonstram-confianca-no-novo-senador\/","title":{"rendered":"Prefeitos paraibanos parabenizam Veneziano pela posse no Senado e demonstram confian\u00e7a no novo Senador"},"content":{"rendered":"\n<p>Diversos prefeitos paraibanos est\u00e3o enviando e publicando mensagens nas redes sociais, parabenizando o Deputado Federal e Senador Diplomado Veneziano Vital do R\u00eago (PSB), pela posse nesta sexta-feira (01), como Senador da Rep\u00fablica. As lideran\u00e7as desejam sucesso ao novo Senador, que, em resposta, reafirmou seu compromisso de buscar caminhos para os avan\u00e7os que possibilitem uma melhor qualidade de vida aos paraibanos.<\/p>\n\n\n\n<p>\u201cTenho certeza de que faremos parcerias muito boas entre o munic\u00edpio de Coxixola e seu mandato no Senado Federal, por isso eu desejo toda sorte do mundo. Um forte abra\u00e7o e tudo de bom para voc\u00ea Senador\u201d, desejou a Veneziano o Prefeito de Coxixola, Givaldo Limeira. Veja o depoimento completo no link:<a href=\"https:\/\/youtu.be\/h0m1HveESdU\">https:\/\/youtu.be\/h0m1HveESdU<\/a><\/p>\n\n\n\n<p>Assim tamb\u00e9m falou a Prefeita do Munic\u00edpio de Bel\u00e9m-PB, Renata Christinne: \u201cAo amigo e Senador Veneziano, n\u00f3s desejamos muito sucesso nesse novo mandato que o povo paraibano lhe conferiu. Eu, Renata, e toda a popula\u00e7\u00e3o de Bel\u00e9m desejamos a voc\u00ea muito sucesso. Que Deus lhe aben\u00e7oe\u201d, afirmou. Assista:<a href=\"https:\/\/youtu.be\/NEvI196RhXA\">https:\/\/youtu.be\/NEvI196RhXA<\/a><\/p>\n\n\n\n<p>Outro gestor municipal que fez quest\u00e3o de desejar sucesso ao parlamentar socialista foi o Prefeito de Sum\u00e9-PB, Eden Duarte: \u201cEu quero desejar boa sorte ao Senador Veneziano, com a certeza de que ser\u00e1 um parlamentar que atender\u00e1 n\u00e3o s\u00f3 os interesses do Estado da Para\u00edba, mas tamb\u00e9m dos munic\u00edpios. Ele ser\u00e1 um Senador municipalista, pois entende que \u00e9 preciso rediscutir o Pacto Federativo que, na atualidade, concentra renda nas m\u00e3os do Governo Federal, o que tem gerado muitas dificuldades aos pequenos munic\u00edpios. E por essa raz\u00e3o tenho certeza de que teremos um Senador Municipalista\u201d. Confira o depoimento na integra:&nbsp;<a href=\"https:\/\/youtu.be\/1-3D3_ESH-k\">https:\/\/youtu.be\/1-3D3_ESH-k<\/a><\/p>\n\n\n\n<p>Diversos outros gestores paraibanos, como a Prefeita de Monteiro, Lorena de Dr. Chico; o Prefeito de Boqueir\u00e3o, Jo\u00e3o Paulo; o Prefeito da cidade de Dami\u00e3o, Fernandes de Oliveira; o Prefeito de Cubati, Dudu; O Prefeito de Camal\u00e1u, Sandro Moco; o Prefeito de Bom Jesus, Roberto Bayma, dentre outros, manifestaram, atrav\u00e9s de v\u00eddeos, mensagens, telefonemas e outras postagens, o desejo de sucesso a Veneziano, reafirmando a certeza de que a Para\u00edba tem ter\u00e1 um Senador Municipalista, que representar\u00e1 o povo paraibano, baseado num interesse coletivo e social.<\/p>\n","protected":false},"excerpt":{"rendered":"<p>Diversos prefeitos paraibanos est\u00e3o enviando e publicando mensagens nas redes sociais, parabenizando o Deputado Federal e Senador Diplomado Veneziano Vital do R\u00eago (PSB), pela posse&hellip; <\/p>\n","protected":false},"author":1,"featured_media":69970,"comment_status":"closed","ping_status":"closed","sticky":false,"template":"","format":"standard","meta":{"sfsi_plus_gutenberg_text_before_share":"","sfsi_plus_gutenberg_show_text_before_share":"","sfsi_plus_gutenberg_icon_type":"","sfsi_plus_gutenberg_icon_alignemt":"","sfsi_plus_gutenburg_max_per_row":"","footnotes":""},"categories":[11],"tags":[],"class_list":["post-82805","post","type-post","status-publish","format-standard","has-post-thumbnail","hentry","category-politica"],"_links":{"self":[{"href":"https:\/\/www.caririemacao.com\/1\/wp-json\/wp\/v2\/posts\/82805","targetHints":{"allow":["GET"]}}],"collection":[{"href":"https:\/\/www.caririemacao.com\/1\/wp-json\/wp\/v2\/posts"}],"about":[{"href":"https:\/\/www.caririemacao.com\/1\/wp-json\/wp\/v2\/types\/post"}],"author":[{"embeddable":true,"href":"https:\/\/www.caririemacao.com\/1\/wp-json\/wp\/v2\/users\/1"}],"replies":[{"embeddable":true,"href":"https:\/\/www.caririemacao.com\/1\/wp-json\/wp\/v2\/comments?post=82805"}],"version-history":[{"count":1,"href":"https:\/\/www.caririemacao.com\/1\/wp-json\/wp\/v2\/posts\/82805\/revisions"}],"predecessor-version":[{"id":82808,"href":"https:\/\/www.caririemacao.com\/1\/wp-json\/wp\/v2\/posts\/82805\/revisions\/82808"}],"wp:featuredmedia":[{"embeddable":true,"href":"https:\/\/www.caririemacao.com\/1\/wp-json\/wp\/v2\/media\/69970"}],"wp:attachment":[{"href":"https:\/\/www.caririemacao.com\/1\/wp-json\/wp\/v2\/media?parent=82805"}],"wp:term":[{"taxonomy":"category","embeddable":true,"href":"https:\/\/www.caririemacao.com\/1\/wp-json\/wp\/v2\/categories?post=82805"},{"taxonomy":"post_tag","embeddable":true,"href":"https:\/\/www.caririemacao.com\/1\/wp-json\/wp\/v2\/tags?post=82805"}],"curies":[{"name":"wp","href":"https:\/\/api.w.org\/{rel}","templated":true}]}}