{"id":82809,"date":"2019-02-01T08:01:19","date_gmt":"2019-02-01T11:01:19","guid":{"rendered":"http:\/\/www.caririemacao.com\/1\/?p=82809"},"modified":"2019-02-01T08:01:21","modified_gmt":"2019-02-01T11:01:21","slug":"doze-deputados-federais-da-paraiba-tomam-posse-nesta-sexta-feira","status":"publish","type":"post","link":"https:\/\/www.caririemacao.com\/1\/2019\/02\/01\/doze-deputados-federais-da-paraiba-tomam-posse-nesta-sexta-feira\/","title":{"rendered":"Doze deputados federais da Para\u00edba tomam posse nesta sexta-feira"},"content":{"rendered":"\n<p>Os deputados eleitos para a 56\u00aa legislatura da C\u00e2mara dos Deputados tomam posse nesta sexta-feira (1) em cerim\u00f4nia marcada para as 10h no plen\u00e1rio da casa. Saiba quem s\u00e3o os 12 parlamentares que v\u00e3o representar na Para\u00edba no Congresso Nacional com nomes por ordem alfab\u00e9tica.<\/p>\n\n\n\n<p>No Plen\u00e1rio Ulysses Guimar\u00e3es, os 513 eleitos v\u00e3o responder \u00e0 chamada nominal e far\u00e3o o juramento de \u201cmanter, defender e cumprir a Constitui\u00e7\u00e3o, observar as leis, promover o bem geral do povo brasileiro, sustentar a uni\u00e3o, a integridade e a independ\u00eancia do Brasil\u201d.<\/p>\n\n\n\n<p>Confira a lista dos deputados paraibanos em Bras\u00edlia<\/p>\n\n\n\n<p><strong>Aguinaldo Ribeiro<\/strong><br>Idade: 49 anos<\/p>\n\n\n\n<p>Partido: PP<\/p>\n\n\n\n<p><strong>Dr. Dami\u00e3o Feliciano<\/strong><br>Idade: 66 anos<\/p>\n\n\n\n<p>Partido: PDT<\/p>\n\n\n\n<p><strong>Edna Henrique<\/strong><br>Idade: 60 anos<\/p>\n\n\n\n<p>Partido: PSDB<\/p>\n\n\n\n<p><strong>Efraim Filho<\/strong><br>Idade: 39 anos<\/p>\n\n\n\n<p>Partido: DEM<\/p>\n\n\n\n<p><strong>Frei Anast\u00e1cio<\/strong><br>Idade: 74 anos<\/p>\n\n\n\n<p>Partido: PT<\/p>\n\n\n\n<p><strong>Gerv\u00e1sio Maia<\/strong><br>Idade: 43 anos<\/p>\n\n\n\n<p>Partido: PSB<\/p>\n\n\n\n<p><strong>Hugo Motta<\/strong><br>Idade: 29 anos<\/p>\n\n\n\n<p>Partido: PRB<\/p>\n\n\n\n<p><strong>Julian Lemos<\/strong><br>Idade: 43 anos<\/p>\n\n\n\n<p>Partido: PSL<\/p>\n\n\n\n<p><strong>Pedro Cunha Lima<\/strong><br>Idade: 30 anos<\/p>\n\n\n\n<p>Partido: PSDB<\/p>\n\n\n\n<p><strong>Ruy Carneiro<\/strong><br>Idade: 48 anos<\/p>\n\n\n\n<p>Partido: PSDB<\/p>\n\n\n\n<p><strong>Wellington Roberto<\/strong><br>Idade: 59 anos<\/p>\n\n\n\n<p>Partido: PR<\/p>\n\n\n\n<p><strong>Wilson Santiago<\/strong><br>Idade: 61<\/p>\n\n\n\n<p>Partido: PTB<\/p>\n","protected":false},"excerpt":{"rendered":"<p>Os deputados eleitos para a 56\u00aa legislatura da C\u00e2mara dos Deputados tomam posse nesta sexta-feira (1) em cerim\u00f4nia marcada para as 10h no plen\u00e1rio da&hellip; <\/p>\n","protected":false},"author":1,"featured_media":36088,"comment_status":"closed","ping_status":"closed","sticky":false,"template":"","format":"standard","meta":{"sfsi_plus_gutenberg_text_before_share":"","sfsi_plus_gutenberg_show_text_before_share":"","sfsi_plus_gutenberg_icon_type":"","sfsi_plus_gutenberg_icon_alignemt":"","sfsi_plus_gutenburg_max_per_row":"","footnotes":""},"categories":[11],"tags":[],"class_list":["post-82809","post","type-post","status-publish","format-standard","has-post-thumbnail","hentry","category-politica"],"_links":{"self":[{"href":"https:\/\/www.caririemacao.com\/1\/wp-json\/wp\/v2\/posts\/82809","targetHints":{"allow":["GET"]}}],"collection":[{"href":"https:\/\/www.caririemacao.com\/1\/wp-json\/wp\/v2\/posts"}],"about":[{"href":"https:\/\/www.caririemacao.com\/1\/wp-json\/wp\/v2\/types\/post"}],"author":[{"embeddable":true,"href":"https:\/\/www.caririemacao.com\/1\/wp-json\/wp\/v2\/users\/1"}],"replies":[{"embeddable":true,"href":"https:\/\/www.caririemacao.com\/1\/wp-json\/wp\/v2\/comments?post=82809"}],"version-history":[{"count":1,"href":"https:\/\/www.caririemacao.com\/1\/wp-json\/wp\/v2\/posts\/82809\/revisions"}],"predecessor-version":[{"id":82810,"href":"https:\/\/www.caririemacao.com\/1\/wp-json\/wp\/v2\/posts\/82809\/revisions\/82810"}],"wp:featuredmedia":[{"embeddable":true,"href":"https:\/\/www.caririemacao.com\/1\/wp-json\/wp\/v2\/media\/36088"}],"wp:attachment":[{"href":"https:\/\/www.caririemacao.com\/1\/wp-json\/wp\/v2\/media?parent=82809"}],"wp:term":[{"taxonomy":"category","embeddable":true,"href":"https:\/\/www.caririemacao.com\/1\/wp-json\/wp\/v2\/categories?post=82809"},{"taxonomy":"post_tag","embeddable":true,"href":"https:\/\/www.caririemacao.com\/1\/wp-json\/wp\/v2\/tags?post=82809"}],"curies":[{"name":"wp","href":"https:\/\/api.w.org\/{rel}","templated":true}]}}