{"id":82814,"date":"2019-02-01T08:08:50","date_gmt":"2019-02-01T11:08:50","guid":{"rendered":"http:\/\/www.caririemacao.com\/1\/?p=82814"},"modified":"2019-02-01T08:08:53","modified_gmt":"2019-02-01T11:08:53","slug":"deputados-estaduais-tomam-posse-nesta-sexta-feira-31-em-sessao-presidida-por-adriano-galdino","status":"publish","type":"post","link":"https:\/\/www.caririemacao.com\/1\/2019\/02\/01\/deputados-estaduais-tomam-posse-nesta-sexta-feira-31-em-sessao-presidida-por-adriano-galdino\/","title":{"rendered":"Deputados estaduais tomam posse nesta sexta-feira (31) em sess\u00e3o presidida por Adriano Galdino"},"content":{"rendered":"\n<p>Acontece nesta sexta-feira (1\u00ba) a posse dos 36 deputados estaduais paraibanos eleitos em 2018. A solenidade est\u00e1 programada para come\u00e7ar \u00e0s 09h30 no plen\u00e1rio da Assembleia Legislativa da Para\u00edba (ALPB). Logo ap\u00f3s o ato, os deputados elegem a nova Mesa Diretora da Casa.<\/p>\n\n\n\n<p>A elei\u00e7\u00e3o para Presid\u00eancia da Assembleia acontece com vota\u00e7\u00e3o secreta e pelo, de acordo com o Regimento Interno.<\/p>\n\n\n\n<p>Como o deputado Gerv\u00e1sio Maia (PSB), que atualmente preside a Casa, foi eleito para uma vaga na C\u00e2mara Federal, onde ser\u00e1 empossado tamb\u00e9m nesta sexta, quem vai comandar a sess\u00e3o ser\u00e1 o deputado Adriano Galdino (PSB), que chefiou a Casa no bi\u00eanio 2015\/2017, informa o cerimonial.<\/p>\n\n\n\n<p>Na condu\u00e7\u00e3o da solenidade de posse, Galdino deve convocar dois outros deputados, de prefer\u00eancia de partidos diferentes, para servirem de secret\u00e1rios e proclamar\u00e1 os nomes dos parlamentares diplomados.<\/p>\n\n\n\n<p><strong>Elei\u00e7\u00e3o da Mesa<\/strong><\/p>\n\n\n\n<p>Encerrado o ato de posse, tem in\u00edcio o processo de elei\u00e7\u00e3o da Mesa Diretora. Caber\u00e1 ao deputado Adriano Galdino decidir se vai continuar na Presid\u00eancia do processo, uma vez que ele ser\u00e1 candidato.<\/p>\n\n\n\n<p>Segundo o Regimento, a elei\u00e7\u00e3o termina se um dos candidatos alcan\u00e7arem pelo menos 19 votos (maioria absoluta). Se for preciso fazer uma nova tentativa, elege-se o candidato que tiver o maior n\u00famero de votos (maioria simples) entre os concorrentes.<\/p>\n\n\n\n<p>A proclama\u00e7\u00e3o do resultado final \u00e9 feita pelo presidente da Casa e, em seguida, ocorre a posse imediata dos eleitos para compor a Mesa.<\/p>\n\n\n\n<p>A expectativa \u00e9 que os deputados Adriano Galdino e Herv\u00e1zio Bezerra (PSB) sejam eleitos para Presid\u00eancia do Legislativo Estadual para os bi\u00eanios 2019\/2020 e 2021\/2022, respectivamente, apoiados pelo governador Jo\u00e3o Azev\u00eado (PSB), pelos deputados governistas e, inclusive, pela bancada oposicionista.<\/p>\n\n\n\n<p><em>Reda\u00e7\u00e3o<\/em><\/p>\n","protected":false},"excerpt":{"rendered":"<p>Acontece nesta sexta-feira (1\u00ba) a posse dos 36 deputados estaduais paraibanos eleitos em 2018. A solenidade est\u00e1 programada para come\u00e7ar \u00e0s 09h30 no plen\u00e1rio da&hellip; <\/p>\n","protected":false},"author":1,"featured_media":82683,"comment_status":"closed","ping_status":"closed","sticky":false,"template":"","format":"standard","meta":{"sfsi_plus_gutenberg_text_before_share":"","sfsi_plus_gutenberg_show_text_before_share":"","sfsi_plus_gutenberg_icon_type":"","sfsi_plus_gutenberg_icon_alignemt":"","sfsi_plus_gutenburg_max_per_row":"","footnotes":""},"categories":[11],"tags":[],"class_list":["post-82814","post","type-post","status-publish","format-standard","has-post-thumbnail","hentry","category-politica"],"_links":{"self":[{"href":"https:\/\/www.caririemacao.com\/1\/wp-json\/wp\/v2\/posts\/82814","targetHints":{"allow":["GET"]}}],"collection":[{"href":"https:\/\/www.caririemacao.com\/1\/wp-json\/wp\/v2\/posts"}],"about":[{"href":"https:\/\/www.caririemacao.com\/1\/wp-json\/wp\/v2\/types\/post"}],"author":[{"embeddable":true,"href":"https:\/\/www.caririemacao.com\/1\/wp-json\/wp\/v2\/users\/1"}],"replies":[{"embeddable":true,"href":"https:\/\/www.caririemacao.com\/1\/wp-json\/wp\/v2\/comments?post=82814"}],"version-history":[{"count":1,"href":"https:\/\/www.caririemacao.com\/1\/wp-json\/wp\/v2\/posts\/82814\/revisions"}],"predecessor-version":[{"id":82815,"href":"https:\/\/www.caririemacao.com\/1\/wp-json\/wp\/v2\/posts\/82814\/revisions\/82815"}],"wp:featuredmedia":[{"embeddable":true,"href":"https:\/\/www.caririemacao.com\/1\/wp-json\/wp\/v2\/media\/82683"}],"wp:attachment":[{"href":"https:\/\/www.caririemacao.com\/1\/wp-json\/wp\/v2\/media?parent=82814"}],"wp:term":[{"taxonomy":"category","embeddable":true,"href":"https:\/\/www.caririemacao.com\/1\/wp-json\/wp\/v2\/categories?post=82814"},{"taxonomy":"post_tag","embeddable":true,"href":"https:\/\/www.caririemacao.com\/1\/wp-json\/wp\/v2\/tags?post=82814"}],"curies":[{"name":"wp","href":"https:\/\/api.w.org\/{rel}","templated":true}]}}