{"id":82829,"date":"2019-02-01T09:13:36","date_gmt":"2019-02-01T12:13:36","guid":{"rendered":"http:\/\/www.caririemacao.com\/1\/?p=82829"},"modified":"2019-02-01T09:14:36","modified_gmt":"2019-02-01T12:14:36","slug":"com-salario-acima-do-valor-nacional-prefeitura-de-gurjao-paga-folha-de-janeiro-a-servidores","status":"publish","type":"post","link":"https:\/\/www.caririemacao.com\/1\/2019\/02\/01\/com-salario-acima-do-valor-nacional-prefeitura-de-gurjao-paga-folha-de-janeiro-a-servidores\/","title":{"rendered":"Com sal\u00e1rio acima do valor nacional, Prefeitura de Gurj\u00e3o paga folha de janeiro a servidores"},"content":{"rendered":"\n<div class=\"wp-block-image\"><figure class=\"alignleft\"><img decoding=\"async\" data-src=\"http:\/\/www.vitrinedocariri.com.br\/wp-content\/uploads\/2018\/06\/img1-governo-estuda-reduzir-limite-de-saque-e-13039-300x163.jpg\" alt=\"\" class=\"wp-image-16552 lazyload\" src=\"data:image\/svg+xml;base64,PHN2ZyB3aWR0aD0iMSIgaGVpZ2h0PSIxIiB4bWxucz0iaHR0cDovL3d3dy53My5vcmcvMjAwMC9zdmciPjwvc3ZnPg==\" style=\"--smush-placeholder-width: 300px; --smush-placeholder-aspect-ratio: 300\/163;\" \/><\/figure><\/div>\n\n\n\n<p>A Prefeitura Municipal Gurj\u00e3o &nbsp;realizou &nbsp;os pagamentos dos sal\u00e1rios dos servidores da cidade, referentes ao m\u00eas de janeiro, nestas quarta-feira (30) e quinta-feira (31). Dando cumprimento ao compromisso do pagamento dentro do m\u00eas trabalhado, pelo s\u00e9timo ano consecutivo.Ressaltando que o pagamento de janeiro &nbsp;j\u00e1 acontece com o reajuste do novo sal\u00e1rio m\u00ednimo, de R$ 1.000,00. N\u00e3o esquecendo que em Gurj\u00e3o, esse m\u00ednimo \u00e9 maior do que o nacional. O Prefeito Ronaldo Queiroz, &nbsp;j\u00e1 se antecipando, &nbsp;mandou para C\u00e2mara um projeto que altera o sal\u00e1rio.<\/p>\n\n\n\n<p>\u201cO pagamento dentro do m\u00eas trabalhado \u00e9 uma prioridade na nossa gest\u00e3o e uma seguran\u00e7a para os servidores que j\u00e1 sabem que ter\u00e3o o dinheiro na conta dentro do m\u00eas. Isso faz parte da nossa pol\u00edtica de valoriza\u00e7\u00e3o dos servidores para que eles possam se organizar financeiramente\u201d, disse o prefeito Ronaldo Queiroz<\/p>\n","protected":false},"excerpt":{"rendered":"<p>A Prefeitura Municipal Gurj\u00e3o &nbsp;realizou &nbsp;os pagamentos dos sal\u00e1rios dos servidores da cidade, referentes ao m\u00eas de janeiro, nestas quarta-feira (30) e quinta-feira (31). Dando&hellip; <\/p>\n","protected":false},"author":1,"featured_media":82830,"comment_status":"closed","ping_status":"closed","sticky":false,"template":"","format":"standard","meta":{"sfsi_plus_gutenberg_text_before_share":"","sfsi_plus_gutenberg_show_text_before_share":"","sfsi_plus_gutenberg_icon_type":"","sfsi_plus_gutenberg_icon_alignemt":"","sfsi_plus_gutenburg_max_per_row":"","footnotes":""},"categories":[6],"tags":[],"class_list":["post-82829","post","type-post","status-publish","format-standard","has-post-thumbnail","hentry","category-cidades"],"_links":{"self":[{"href":"https:\/\/www.caririemacao.com\/1\/wp-json\/wp\/v2\/posts\/82829","targetHints":{"allow":["GET"]}}],"collection":[{"href":"https:\/\/www.caririemacao.com\/1\/wp-json\/wp\/v2\/posts"}],"about":[{"href":"https:\/\/www.caririemacao.com\/1\/wp-json\/wp\/v2\/types\/post"}],"author":[{"embeddable":true,"href":"https:\/\/www.caririemacao.com\/1\/wp-json\/wp\/v2\/users\/1"}],"replies":[{"embeddable":true,"href":"https:\/\/www.caririemacao.com\/1\/wp-json\/wp\/v2\/comments?post=82829"}],"version-history":[{"count":1,"href":"https:\/\/www.caririemacao.com\/1\/wp-json\/wp\/v2\/posts\/82829\/revisions"}],"predecessor-version":[{"id":82831,"href":"https:\/\/www.caririemacao.com\/1\/wp-json\/wp\/v2\/posts\/82829\/revisions\/82831"}],"wp:featuredmedia":[{"embeddable":true,"href":"https:\/\/www.caririemacao.com\/1\/wp-json\/wp\/v2\/media\/82830"}],"wp:attachment":[{"href":"https:\/\/www.caririemacao.com\/1\/wp-json\/wp\/v2\/media?parent=82829"}],"wp:term":[{"taxonomy":"category","embeddable":true,"href":"https:\/\/www.caririemacao.com\/1\/wp-json\/wp\/v2\/categories?post=82829"},{"taxonomy":"post_tag","embeddable":true,"href":"https:\/\/www.caririemacao.com\/1\/wp-json\/wp\/v2\/tags?post=82829"}],"curies":[{"name":"wp","href":"https:\/\/api.w.org\/{rel}","templated":true}]}}