{"id":82832,"date":"2019-02-01T09:20:06","date_gmt":"2019-02-01T12:20:06","guid":{"rendered":"http:\/\/www.caririemacao.com\/1\/?p=82832"},"modified":"2019-02-01T09:20:10","modified_gmt":"2019-02-01T12:20:10","slug":"apos-comentario-contra-nordestino-alexandre-frota-pede-desculpa-a-namorado-de-fatima-bernardes","status":"publish","type":"post","link":"https:\/\/www.caririemacao.com\/1\/2019\/02\/01\/apos-comentario-contra-nordestino-alexandre-frota-pede-desculpa-a-namorado-de-fatima-bernardes\/","title":{"rendered":"Ap\u00f3s coment\u00e1rio contra nordestino, Alexandre Frota pede desculpa a namorado de F\u00e1tima Bernardes"},"content":{"rendered":"\n<p>&nbsp;deputado eleito T\u00falio Gad\u00ealha (PDT) recebeu um pedido de desculpas&nbsp;do tamb\u00e9m deputado eleito Alexandre Frota (PSL) por conta de um coment\u00e1rio preconceituoso contra nordestinos, que foi&nbsp;publicado no final do ano passado, no Twitter. \u00c0 \u00e9poca, na tentativa de ofender um usu\u00e1rio da rede social, Frota escreveu: &#8220;s\u00f3 pode ser de Pernambuco&#8221;.&nbsp;O pedido foi feito nesta quinta-feira (31).<br><\/p>\n\n\n\n<p>Nesta quinta, no caf\u00e9 da manh\u00e3 do hotel em Bras\u00edlia, onde ambos se preparam para iniciar os trabalhos na C\u00e2mara nesta sexta-feira (1\u00ba), T\u00falio foi abordado por Frota, que fez-lhe um pedido de desculpas pelo coment\u00e1rio:<br><\/p>\n\n\n\n<p>Os seguidores apoiaram a postura dos parlamentares. &#8220;O di\u00e1logo sempre \u00e9 a melhor sa\u00edda, n\u00e3o adianta proliferar o \u00f3dio&#8221;, disse um. &#8220;Tomara que ele de fato esteja disposto a respeitar os outros. Que o pedido de desculpa n\u00e3o seja da boca pra fora&#8221;, escreveu outro.<\/p>\n\n\n\n<p>A resposta motivou Gad\u00ealha a protocolar uma interpela\u00e7\u00e3o judicial na Procuradoria da Rep\u00fablica de Pernambuco e divulgar em seu Instagram:<br><br><\/p>\n","protected":false},"excerpt":{"rendered":"<p>&nbsp;deputado eleito T\u00falio Gad\u00ealha (PDT) recebeu um pedido de desculpas&nbsp;do tamb\u00e9m deputado eleito Alexandre Frota (PSL) por conta de um coment\u00e1rio preconceituoso contra nordestinos, que&hellip; <\/p>\n","protected":false},"author":1,"featured_media":82833,"comment_status":"closed","ping_status":"closed","sticky":false,"template":"","format":"standard","meta":{"sfsi_plus_gutenberg_text_before_share":"","sfsi_plus_gutenberg_show_text_before_share":"","sfsi_plus_gutenberg_icon_type":"","sfsi_plus_gutenberg_icon_alignemt":"","sfsi_plus_gutenburg_max_per_row":"","footnotes":""},"categories":[2],"tags":[],"class_list":["post-82832","post","type-post","status-publish","format-standard","has-post-thumbnail","hentry","category-geral"],"_links":{"self":[{"href":"https:\/\/www.caririemacao.com\/1\/wp-json\/wp\/v2\/posts\/82832","targetHints":{"allow":["GET"]}}],"collection":[{"href":"https:\/\/www.caririemacao.com\/1\/wp-json\/wp\/v2\/posts"}],"about":[{"href":"https:\/\/www.caririemacao.com\/1\/wp-json\/wp\/v2\/types\/post"}],"author":[{"embeddable":true,"href":"https:\/\/www.caririemacao.com\/1\/wp-json\/wp\/v2\/users\/1"}],"replies":[{"embeddable":true,"href":"https:\/\/www.caririemacao.com\/1\/wp-json\/wp\/v2\/comments?post=82832"}],"version-history":[{"count":1,"href":"https:\/\/www.caririemacao.com\/1\/wp-json\/wp\/v2\/posts\/82832\/revisions"}],"predecessor-version":[{"id":82834,"href":"https:\/\/www.caririemacao.com\/1\/wp-json\/wp\/v2\/posts\/82832\/revisions\/82834"}],"wp:featuredmedia":[{"embeddable":true,"href":"https:\/\/www.caririemacao.com\/1\/wp-json\/wp\/v2\/media\/82833"}],"wp:attachment":[{"href":"https:\/\/www.caririemacao.com\/1\/wp-json\/wp\/v2\/media?parent=82832"}],"wp:term":[{"taxonomy":"category","embeddable":true,"href":"https:\/\/www.caririemacao.com\/1\/wp-json\/wp\/v2\/categories?post=82832"},{"taxonomy":"post_tag","embeddable":true,"href":"https:\/\/www.caririemacao.com\/1\/wp-json\/wp\/v2\/tags?post=82832"}],"curies":[{"name":"wp","href":"https:\/\/api.w.org\/{rel}","templated":true}]}}