{"id":82838,"date":"2019-02-01T09:26:49","date_gmt":"2019-02-01T12:26:49","guid":{"rendered":"http:\/\/www.caririemacao.com\/1\/?p=82838"},"modified":"2019-02-01T09:26:52","modified_gmt":"2019-02-01T12:26:52","slug":"em-janeiro-paraiba-atinge-maior-reducao-de-assassinatos-na-decada","status":"publish","type":"post","link":"https:\/\/www.caririemacao.com\/1\/2019\/02\/01\/em-janeiro-paraiba-atinge-maior-reducao-de-assassinatos-na-decada\/","title":{"rendered":"Em janeiro, Para\u00edba atinge maior redu\u00e7\u00e3o de assassinatos na d\u00e9cada"},"content":{"rendered":"\n<p>O trabalho integrado das For\u00e7as de Seguran\u00e7a da Para\u00edba faz de janeiro de 2019 o m\u00eas com maior redu\u00e7\u00e3o de assassinatos no Estado durante a \u00faltima d\u00e9cada.<\/p>\n\n\n\n<p>At\u00e9 o dia 30, foram registrados 73 casos de Crimes Violentos Letais Intencionais (CVLI) \u2013 homic\u00eddios dolosos ou qualquer outro crime doloso que resulte em morte. Houve uma queda de 41% dos registros em rela\u00e7\u00e3o ao mesmo m\u00eas de 2018, quando aconteceram 128 casos de crimes contra a vida.<\/p>\n\n\n\n<p>Os dados foram apresentados nesta quinta-feira (31) pelo governador Jo\u00e3o Azev\u00eado, em reuni\u00e3o com os gestores da Seguran\u00e7a e da Defesa Social, cuja pauta foi Anu\u00e1rio de Seguran\u00e7a P\u00fablica 2018 e os resultados obtidos com a\u00e7\u00f5es de preven\u00e7\u00e3o e repress\u00e3o qualificada \u00e0 viol\u00eancia no in\u00edcio do ano.<\/p>\n\n\n\n<p>De acordo com o N\u00facleo de An\u00e1lise Criminal e Estat\u00edstica (Nace), tamb\u00e9m se destacaram os n\u00fameros de Jo\u00e3o Pessoa e Campina Grande durante o m\u00eas de janeiro.<\/p>\n\n\n\n<p>Na capital paraibana, a queda de assassinatos foi de 32% (de 25 para 17 CVLI) e em Campina Grande de 83%, com tr\u00eas assassinatos registrados na cidade at\u00e9 30 de janeiro de 2019, contra 18 no mesmo m\u00eas de 2017.<\/p>\n\n\n\n<p>O total de armas apreendidas no ano passado resultou ainda na diminui\u00e7\u00e3o de crimes com uso desse tipo de instrumento nos 30 primeiros dias no ano, com registros que ca\u00edram de 107&nbsp;&nbsp;em janeiro de 2018 para 57 em 2019 (-57%).<\/p>\n\n\n\n<p>No ano de 2018, as for\u00e7as de seguran\u00e7a da Para\u00edba apreenderam 2.440 armas de fogo, entre rev\u00f3lveres, pistolas, espingardas e outros armamentos de grosso calibre. Foram 23.907 armas retiradas de circula\u00e7\u00e3o desde a implanta\u00e7\u00e3o do Programa Para\u00edba Unida pela Paz.<\/p>\n\n\n\n<p>No que se refere ao enfrentamento dos crimes contra a vida de mulheres, os n\u00fameros tamb\u00e9m s\u00e3o positivos. A queda foi de 62% (de 13 para 5 casos) em todo o Estado, no comparativo entre os meses de janeiro de 2018 e 2019.<\/p>\n\n\n\n<p>Segundo o Anu\u00e1rio da Seguran\u00e7a P\u00fablica 2018, cujos dados foram divulgados durante a reuni\u00e3o,&nbsp;a redu\u00e7\u00e3o acumulada de assassinatos de mulheres na Para\u00edba desde 2010 \u00e9 29%,&nbsp;&nbsp;j\u00e1 que o n\u00famero de ocorr\u00eancias saiu de 119 naquele ano para 84 ao final de 2018.<\/p>\n\n\n\n<p>Em termos de taxa, o Estado&nbsp;&nbsp;foi de 6,13 mortes de mulheres por 100 mil habitantes para 4,8 no ano passado.<\/p>\n\n\n\n<p>No cen\u00e1rio nacional, a Para\u00edba saiu da 4\u00aa posi\u00e7\u00e3o em 2010 para a 19\u00aa em 2017, no ranking das unidades da federa\u00e7\u00e3o com maiores taxas de homic\u00eddios de mulheres.<\/p>\n","protected":false},"excerpt":{"rendered":"<p>O trabalho integrado das For\u00e7as de Seguran\u00e7a da Para\u00edba faz de janeiro de 2019 o m\u00eas com maior redu\u00e7\u00e3o de assassinatos no Estado durante a&hellip; <\/p>\n","protected":false},"author":1,"featured_media":82839,"comment_status":"closed","ping_status":"closed","sticky":false,"template":"","format":"standard","meta":{"sfsi_plus_gutenberg_text_before_share":"","sfsi_plus_gutenberg_show_text_before_share":"","sfsi_plus_gutenberg_icon_type":"","sfsi_plus_gutenberg_icon_alignemt":"","sfsi_plus_gutenburg_max_per_row":"","footnotes":""},"categories":[2],"tags":[],"class_list":["post-82838","post","type-post","status-publish","format-standard","has-post-thumbnail","hentry","category-geral"],"_links":{"self":[{"href":"https:\/\/www.caririemacao.com\/1\/wp-json\/wp\/v2\/posts\/82838","targetHints":{"allow":["GET"]}}],"collection":[{"href":"https:\/\/www.caririemacao.com\/1\/wp-json\/wp\/v2\/posts"}],"about":[{"href":"https:\/\/www.caririemacao.com\/1\/wp-json\/wp\/v2\/types\/post"}],"author":[{"embeddable":true,"href":"https:\/\/www.caririemacao.com\/1\/wp-json\/wp\/v2\/users\/1"}],"replies":[{"embeddable":true,"href":"https:\/\/www.caririemacao.com\/1\/wp-json\/wp\/v2\/comments?post=82838"}],"version-history":[{"count":1,"href":"https:\/\/www.caririemacao.com\/1\/wp-json\/wp\/v2\/posts\/82838\/revisions"}],"predecessor-version":[{"id":82840,"href":"https:\/\/www.caririemacao.com\/1\/wp-json\/wp\/v2\/posts\/82838\/revisions\/82840"}],"wp:featuredmedia":[{"embeddable":true,"href":"https:\/\/www.caririemacao.com\/1\/wp-json\/wp\/v2\/media\/82839"}],"wp:attachment":[{"href":"https:\/\/www.caririemacao.com\/1\/wp-json\/wp\/v2\/media?parent=82838"}],"wp:term":[{"taxonomy":"category","embeddable":true,"href":"https:\/\/www.caririemacao.com\/1\/wp-json\/wp\/v2\/categories?post=82838"},{"taxonomy":"post_tag","embeddable":true,"href":"https:\/\/www.caririemacao.com\/1\/wp-json\/wp\/v2\/tags?post=82838"}],"curies":[{"name":"wp","href":"https:\/\/api.w.org\/{rel}","templated":true}]}}