{"id":82845,"date":"2019-02-01T09:36:09","date_gmt":"2019-02-01T12:36:09","guid":{"rendered":"http:\/\/www.caririemacao.com\/1\/?p=82845"},"modified":"2019-02-01T09:36:13","modified_gmt":"2019-02-01T12:36:13","slug":"adolescente-de-14-anos-vitima-de-exploracao-sexual-e-resgatada-na-zona-rural-de-custodia","status":"publish","type":"post","link":"https:\/\/www.caririemacao.com\/1\/2019\/02\/01\/adolescente-de-14-anos-vitima-de-exploracao-sexual-e-resgatada-na-zona-rural-de-custodia\/","title":{"rendered":"Adolescente de 14 anos v\u00edtima de explora\u00e7\u00e3o sexual \u00e9 resgatada na zona rural de Cust\u00f3dia"},"content":{"rendered":"\n<p>O caso de estupro de vulner\u00e1vel foi registrado nesta quarta-feira (30), no S\u00edtio Lagoa Cercada, na zona rural de Cust\u00f3dia, no Sert\u00e3o de Pernambuco.<br>Segundo a Pol\u00edcia Militar, a guarni\u00e7\u00e3o foi solicitada pelo delegado de pol\u00edcia da cidade, para acompanhar uma equipe de conselheiros tutelares para resgate da v\u00edtima uma adolescente de 14 anos, visto que a mesma est\u00e1 sendo v\u00edtima de explora\u00e7\u00e3o sexual.<br>No local, a menor de 14 anos, mantinha rela\u00e7\u00f5es sexuais com um adolescente de 16 anos. Diante dos fatos, os envolvidos foram conduzidos \u00e0 delegacia local onde ser\u00e1 instaurado um inqu\u00e9rito por portaria.<br>Na ocorr\u00eancia tamb\u00e9m \u00e9 descrita a presen\u00e7a de um idoso de 67 anos, mas a PM n\u00e3o informou qual o envolvimento do idoso na ocorr\u00eancia.<\/p>\n","protected":false},"excerpt":{"rendered":"<p>O caso de estupro de vulner\u00e1vel foi registrado nesta quarta-feira (30), no S\u00edtio Lagoa Cercada, na zona rural de Cust\u00f3dia, no Sert\u00e3o de Pernambuco.Segundo a&hellip; <\/p>\n","protected":false},"author":1,"featured_media":13767,"comment_status":"closed","ping_status":"closed","sticky":false,"template":"","format":"standard","meta":{"sfsi_plus_gutenberg_text_before_share":"","sfsi_plus_gutenberg_show_text_before_share":"","sfsi_plus_gutenberg_icon_type":"","sfsi_plus_gutenberg_icon_alignemt":"","sfsi_plus_gutenburg_max_per_row":"","footnotes":""},"categories":[12],"tags":[],"class_list":["post-82845","post","type-post","status-publish","format-standard","has-post-thumbnail","hentry","category-policia"],"_links":{"self":[{"href":"https:\/\/www.caririemacao.com\/1\/wp-json\/wp\/v2\/posts\/82845","targetHints":{"allow":["GET"]}}],"collection":[{"href":"https:\/\/www.caririemacao.com\/1\/wp-json\/wp\/v2\/posts"}],"about":[{"href":"https:\/\/www.caririemacao.com\/1\/wp-json\/wp\/v2\/types\/post"}],"author":[{"embeddable":true,"href":"https:\/\/www.caririemacao.com\/1\/wp-json\/wp\/v2\/users\/1"}],"replies":[{"embeddable":true,"href":"https:\/\/www.caririemacao.com\/1\/wp-json\/wp\/v2\/comments?post=82845"}],"version-history":[{"count":1,"href":"https:\/\/www.caririemacao.com\/1\/wp-json\/wp\/v2\/posts\/82845\/revisions"}],"predecessor-version":[{"id":82846,"href":"https:\/\/www.caririemacao.com\/1\/wp-json\/wp\/v2\/posts\/82845\/revisions\/82846"}],"wp:featuredmedia":[{"embeddable":true,"href":"https:\/\/www.caririemacao.com\/1\/wp-json\/wp\/v2\/media\/13767"}],"wp:attachment":[{"href":"https:\/\/www.caririemacao.com\/1\/wp-json\/wp\/v2\/media?parent=82845"}],"wp:term":[{"taxonomy":"category","embeddable":true,"href":"https:\/\/www.caririemacao.com\/1\/wp-json\/wp\/v2\/categories?post=82845"},{"taxonomy":"post_tag","embeddable":true,"href":"https:\/\/www.caririemacao.com\/1\/wp-json\/wp\/v2\/tags?post=82845"}],"curies":[{"name":"wp","href":"https:\/\/api.w.org\/{rel}","templated":true}]}}