{"id":82847,"date":"2019-02-01T09:47:46","date_gmt":"2019-02-01T12:47:46","guid":{"rendered":"http:\/\/www.caririemacao.com\/1\/?p=82847"},"modified":"2019-02-01T09:47:50","modified_gmt":"2019-02-01T12:47:50","slug":"desastre-em-brumadinho-e-apontado-como-a-maior-tragedia-humana-do-pais","status":"publish","type":"post","link":"https:\/\/www.caririemacao.com\/1\/2019\/02\/01\/desastre-em-brumadinho-e-apontado-como-a-maior-tragedia-humana-do-pais\/","title":{"rendered":"Desastre em Brumadinho \u00e9 apontado como a maior trag\u00e9dia humana do pa\u00eds"},"content":{"rendered":"\n<p><br>As buscas por v\u00edtimas do desastre causado pelo&nbsp;rompimento da Mina C\u00f3rrego do Feij\u00e3o, em Brumadinho, nos arredores de Belo Horizonte, continuam hoje (1\u00ba) pelo oitavo dia. O desastre \u00e9 apontado por especialistas como a maior trag\u00e9dia humana da hist\u00f3ria recente do pa\u00eds.<\/p>\n\n\n\n<p>O balan\u00e7o mais recente indica&nbsp;110 mortos, 238 desaparecidos e 394 identificados. Dos mortos, 71 foram identificados por exames realizados pela Pol\u00edcia Civil. Tamb\u00e9m h\u00e1 108 desabrigados e seis pessoas hospitalizadas.<\/p>\n\n\n\n<p>A Vale informou, h\u00e1 tr\u00eas dias, que a empresa vai&nbsp;acabar com dez barragens, como a que se rompeu em Brumadinho. As barragens ser\u00e3o descomissionadas. Todas localizadas em Minas Gerais. Segundo a empresa, descomissionar significa preparar a barragem para integr\u00e1-la \u00e0 natureza.<\/p>\n\n\n\n<p>A Justi\u00e7a do Trabalho autorizou um novo&nbsp;bloqueio de R$ 800 milh\u00f5es&nbsp;da mineradora Vale, respons\u00e1vel pela barragem que se rompeu em Brumadinho.<\/p>\n\n\n\n<p>Na \u00faltima&nbsp;segunda-feira (28), j\u00e1 haviam sido bloqueados R$ 800 milh\u00f5es, valor correspondente a 50% do total pedido pelo Minist\u00e9rio P\u00fablico do Trabalho em Minas Gerais (MPT-MG).<\/p>\n\n\n\n<p>A Vale tamb\u00e9m teve bloqueados, em outras a\u00e7\u00f5es, R$ 11 bilh\u00f5es.<\/p>\n\n\n\n<figure class=\"wp-block-image\"><img decoding=\"async\" data-src=\"https:\/\/paraibaonline.com.br\/wp-content\/uploads\/2019\/02\/brumadinho2901d.jpg\" alt=\"Foto: Ricardo Stuckert\" class=\"wp-image-571647 lazyload\" src=\"data:image\/svg+xml;base64,PHN2ZyB3aWR0aD0iMSIgaGVpZ2h0PSIxIiB4bWxucz0iaHR0cDovL3d3dy53My5vcmcvMjAwMC9zdmciPjwvc3ZnPg==\" \/><\/figure>\n\n\n\n<p>Foto: Ricardo Stuckert<\/p>\n\n\n\n<p>Desde o desastre no \u00faltimo dia 25, a empresa anuncia medidas e faz reuni\u00f5es com autoridades p\u00fablicas federais e estaduais. Em encontro com procuradores em Bras\u00edlia, o presidente da empresa, Fabio Schvartsman, disse que vai acelerar os&nbsp;acordos extrajudiciais.<\/p>\n\n\n\n<p>Al\u00e9m disso, contratou o escrit\u00f3rio de advocacia Skadden, Arps, Slate, Meagher e Flom LLP (Skadden) para auxiliar nas investiga\u00e7\u00f5es das causas do acidente. O escrit\u00f3rio trabalhar\u00e1 em conjunto com uma equipe de peritos para avaliar as causas do rompimento da barragem. \u201cO escrit\u00f3rio prestar\u00e1 assessoria \u00e0 Vale em v\u00e1rias quest\u00f5es legais decorrentes do rompimento da Barragem 1, incluindo em rela\u00e7\u00e3o a certas medidas que a companhia pode tomar em resposta ao rompimento\u201d, informa a empresa em nota.<\/p>\n\n\n\n<p>\u201cConforme o painel de peritos for executando seu trabalho e chegar a uma conclus\u00e3o, o Skadden poder\u00e1 fornecer uma orienta\u00e7\u00e3o jur\u00eddica \u00e0 companhia\u201d, diz a nota.<\/p>\n\n\n\n<p>Paralelamente, a empresa ofereceu o pagamento de R$ 100 mil para cada fam\u00edlia cujo parente morreu ou est\u00e1 desaparecido. O cadastramento dos parentes come\u00e7ou, mas muitos se queixam do m\u00e9todo utilizado.<\/p>\n\n\n\n<p>O Minist\u00e9rio da Cidadania anunciou a&nbsp;antecipa\u00e7\u00e3o do pagamento do Bolsa Fam\u00edliapara os benefici\u00e1rios do programa que vivem&nbsp;em Brumadinho.<\/p>\n\n\n\n<p>Com a medida, os benefici\u00e1rios poder\u00e3o sacar o dinheiro a que t\u00eam direito sem precisar seguir o calend\u00e1rio do programa.&nbsp;Atualmente, 1.506 fam\u00edlias da cidade mineira est\u00e3o inscritas no Bolsa Fam\u00edlia<\/p>\n\n\n\n<p>As buscas por v\u00edtimas completam hoje oito dias. Um grupo de&nbsp;136 militares de Israel desembarcou na regi\u00e3o de Brumadinho para ajudar nas opera\u00e7\u00f5es de resgate. De acordo com informa\u00e7\u00f5es oficiais, a tropa israelense contribuiu na localiza\u00e7\u00e3o de 35 corpos.<\/p>\n\n\n\n<p>Trabalham no local militares do Corpo de Bombeiros, inclusive de outros estados, das For\u00e7as Armadas, Defesa Civil, Pol\u00edcia Civil e Pol\u00edtica Militar.<\/p>\n\n\n\n<p>A delegacia de Brumadinho funciona 24h para atender familiares e receber ocorr\u00eancias. Tamb\u00e9m est\u00e1 sendo providenciada uma equipe para atuar na expedi\u00e7\u00e3o das identidades de parentes de familiares vitimados pelo rompimento da barragem.<\/p>\n\n\n\n<p>De acordo com o Corpo de Bombeiros, mais de 360 militares atuam na \u00e1rea com apoio de 15 aeronaves e 21 c\u00e3es farejadores. H\u00e1 ainda 66 volunt\u00e1rios, que atuam entre \u00e1rea seca e a inundada. Esses volunt\u00e1rios s\u00e3o pessoas com qualifica\u00e7\u00e3o t\u00e9cnica.<\/p>\n","protected":false},"excerpt":{"rendered":"<p>As buscas por v\u00edtimas do desastre causado pelo&nbsp;rompimento da Mina C\u00f3rrego do Feij\u00e3o, em Brumadinho, nos arredores de Belo Horizonte, continuam hoje (1\u00ba) pelo oitavo&hellip; <\/p>\n","protected":false},"author":1,"featured_media":82848,"comment_status":"closed","ping_status":"closed","sticky":false,"template":"","format":"standard","meta":{"sfsi_plus_gutenberg_text_before_share":"","sfsi_plus_gutenberg_show_text_before_share":"","sfsi_plus_gutenberg_icon_type":"","sfsi_plus_gutenberg_icon_alignemt":"","sfsi_plus_gutenburg_max_per_row":"","footnotes":""},"categories":[2],"tags":[],"class_list":["post-82847","post","type-post","status-publish","format-standard","has-post-thumbnail","hentry","category-geral"],"_links":{"self":[{"href":"https:\/\/www.caririemacao.com\/1\/wp-json\/wp\/v2\/posts\/82847","targetHints":{"allow":["GET"]}}],"collection":[{"href":"https:\/\/www.caririemacao.com\/1\/wp-json\/wp\/v2\/posts"}],"about":[{"href":"https:\/\/www.caririemacao.com\/1\/wp-json\/wp\/v2\/types\/post"}],"author":[{"embeddable":true,"href":"https:\/\/www.caririemacao.com\/1\/wp-json\/wp\/v2\/users\/1"}],"replies":[{"embeddable":true,"href":"https:\/\/www.caririemacao.com\/1\/wp-json\/wp\/v2\/comments?post=82847"}],"version-history":[{"count":1,"href":"https:\/\/www.caririemacao.com\/1\/wp-json\/wp\/v2\/posts\/82847\/revisions"}],"predecessor-version":[{"id":82849,"href":"https:\/\/www.caririemacao.com\/1\/wp-json\/wp\/v2\/posts\/82847\/revisions\/82849"}],"wp:featuredmedia":[{"embeddable":true,"href":"https:\/\/www.caririemacao.com\/1\/wp-json\/wp\/v2\/media\/82848"}],"wp:attachment":[{"href":"https:\/\/www.caririemacao.com\/1\/wp-json\/wp\/v2\/media?parent=82847"}],"wp:term":[{"taxonomy":"category","embeddable":true,"href":"https:\/\/www.caririemacao.com\/1\/wp-json\/wp\/v2\/categories?post=82847"},{"taxonomy":"post_tag","embeddable":true,"href":"https:\/\/www.caririemacao.com\/1\/wp-json\/wp\/v2\/tags?post=82847"}],"curies":[{"name":"wp","href":"https:\/\/api.w.org\/{rel}","templated":true}]}}