{"id":82857,"date":"2019-02-01T10:14:08","date_gmt":"2019-02-01T13:14:08","guid":{"rendered":"http:\/\/www.caririemacao.com\/1\/?p=82857"},"modified":"2019-02-01T10:14:11","modified_gmt":"2019-02-01T13:14:11","slug":"adriano-galdino-vamos-enveredar-pelo-caminho-da-transparencia","status":"publish","type":"post","link":"https:\/\/www.caririemacao.com\/1\/2019\/02\/01\/adriano-galdino-vamos-enveredar-pelo-caminho-da-transparencia\/","title":{"rendered":"Adriano Galdino: \u201cVamos enveredar pelo caminho da transpar\u00eancia\u201d"},"content":{"rendered":"\n<p><br>O deputado Adriano Galdino,&nbsp;candidato \u00e0 presid\u00eancia da Assembleia Legislativa da Para\u00edba, chegou logo cedo nesta sexta-feira, 1, dia da elei\u00e7\u00e3o da Mesa Diretora, alegando que est\u00e1 confiante na vit\u00f3ria.<\/p>\n\n\n\n<figure class=\"wp-block-image\"><img decoding=\"async\" data-src=\"https:\/\/paraibaonline.com.br\/wp-content\/uploads\/2019\/02\/galdino0102a.jpg\" alt=\"Foto: Paraibaonline\" class=\"wp-image-571681 lazyload\" src=\"data:image\/svg+xml;base64,PHN2ZyB3aWR0aD0iMSIgaGVpZ2h0PSIxIiB4bWxucz0iaHR0cDovL3d3dy53My5vcmcvMjAwMC9zdmciPjwvc3ZnPg==\" \/><\/figure>\n\n\n\n<p>Foto: Paraibaonline<\/p>\n\n\n\n<p>Sobre o trabalho a ser desenvolvido na Casa de Epit\u00e1cio Pessoa, nos pr\u00f3ximos dois anos, Adriano relata que vai buscar o di\u00e1logo com todos os Poderes das esferas governamentais e sociais, fazendo da AL um local de debates prof\u00edcuos.<\/p>\n\n\n\n<p>Segundo ele, a marca da gest\u00e3o ser\u00e1 pautada na transpar\u00eancia, em que mensalmente ser\u00e3o apresentados todos os valores recebidos e gastos, apresentando um balan\u00e7o \u00e0 sociedade dos trabalhos legislativos.<br><\/p>\n","protected":false},"excerpt":{"rendered":"<p>O deputado Adriano Galdino,&nbsp;candidato \u00e0 presid\u00eancia da Assembleia Legislativa da Para\u00edba, chegou logo cedo nesta sexta-feira, 1, dia da elei\u00e7\u00e3o da Mesa Diretora, alegando que&hellip; <\/p>\n","protected":false},"author":1,"featured_media":82858,"comment_status":"closed","ping_status":"closed","sticky":false,"template":"","format":"standard","meta":{"sfsi_plus_gutenberg_text_before_share":"","sfsi_plus_gutenberg_show_text_before_share":"","sfsi_plus_gutenberg_icon_type":"","sfsi_plus_gutenberg_icon_alignemt":"","sfsi_plus_gutenburg_max_per_row":"","footnotes":""},"categories":[11],"tags":[],"class_list":["post-82857","post","type-post","status-publish","format-standard","has-post-thumbnail","hentry","category-politica"],"_links":{"self":[{"href":"https:\/\/www.caririemacao.com\/1\/wp-json\/wp\/v2\/posts\/82857","targetHints":{"allow":["GET"]}}],"collection":[{"href":"https:\/\/www.caririemacao.com\/1\/wp-json\/wp\/v2\/posts"}],"about":[{"href":"https:\/\/www.caririemacao.com\/1\/wp-json\/wp\/v2\/types\/post"}],"author":[{"embeddable":true,"href":"https:\/\/www.caririemacao.com\/1\/wp-json\/wp\/v2\/users\/1"}],"replies":[{"embeddable":true,"href":"https:\/\/www.caririemacao.com\/1\/wp-json\/wp\/v2\/comments?post=82857"}],"version-history":[{"count":1,"href":"https:\/\/www.caririemacao.com\/1\/wp-json\/wp\/v2\/posts\/82857\/revisions"}],"predecessor-version":[{"id":82859,"href":"https:\/\/www.caririemacao.com\/1\/wp-json\/wp\/v2\/posts\/82857\/revisions\/82859"}],"wp:featuredmedia":[{"embeddable":true,"href":"https:\/\/www.caririemacao.com\/1\/wp-json\/wp\/v2\/media\/82858"}],"wp:attachment":[{"href":"https:\/\/www.caririemacao.com\/1\/wp-json\/wp\/v2\/media?parent=82857"}],"wp:term":[{"taxonomy":"category","embeddable":true,"href":"https:\/\/www.caririemacao.com\/1\/wp-json\/wp\/v2\/categories?post=82857"},{"taxonomy":"post_tag","embeddable":true,"href":"https:\/\/www.caririemacao.com\/1\/wp-json\/wp\/v2\/tags?post=82857"}],"curies":[{"name":"wp","href":"https:\/\/api.w.org\/{rel}","templated":true}]}}