{"id":82861,"date":"2019-02-01T10:17:12","date_gmt":"2019-02-01T13:17:12","guid":{"rendered":"http:\/\/www.caririemacao.com\/1\/?p=82861"},"modified":"2019-02-01T10:17:20","modified_gmt":"2019-02-01T13:17:20","slug":"marco-aurelio-nega-pedido-de-flavio-bolsonaro-e-libera-mp-rj-investigar-senador","status":"publish","type":"post","link":"https:\/\/www.caririemacao.com\/1\/2019\/02\/01\/marco-aurelio-nega-pedido-de-flavio-bolsonaro-e-libera-mp-rj-investigar-senador\/","title":{"rendered":"Marco Aur\u00e9lio nega pedido de Fl\u00e1vio Bolsonaro e libera MP-RJ investigar senador"},"content":{"rendered":"\n<p>No primeiro dia de atividades do STF (Supremo Tribunal Federal) ap\u00f3s o retorno do recesso, o ministro Marco Aur\u00e9lio Mello liberou o Minist\u00e9rio P\u00fablico do Rio de Janeiro a investigar o senador Fl\u00e1vio Bolsonaro (PSL-RJ) no caso envolvendo as movimenta\u00e7\u00f5es financeiras suspeitas de Fabr\u00edcio Queiroz.<\/p>\n\n\n\n<p>Em janeiro, as investiga\u00e7\u00f5es haviam sido suspensas pelo ministro Luiz Fux ap\u00f3s pedido do parlamentar, segundo o qual o foro privilegiado do qual goza atualmente o impediria de ser investigado pelo MP-RJ. Marco Aur\u00e9lio arquivou a determina\u00e7\u00e3o do colega.<\/p>\n\n\n\n<p>\u201cA Lei Maior, ao prever cumprir ao Supremo julgar Deputados e Senadores, h\u00e1 de ter abrang\u00eancia definida pela conduta criminosa: no exerc\u00edcio do mandato e relacionada, de algum modo, a este \u00faltimo. Neste processo, a leitura da inicial revela que o reclamante desempenhava, \u00e0 \u00e9poca dos fatos narrados, o cargo de Deputado Estadual na Assembleia Legislativa do Rio de Janeiro, tendo sido diplomado Senador da Rep\u00fablica no \u00faltimo dia 18 de dezembro. A situa\u00e7\u00e3o jur\u00eddica n\u00e3o se enquadra na Constitui\u00e7\u00e3o Federal em termos de compet\u00eancia do Supremo\u201d, publicou o magistrado, que \u00e9 relator da causa.<\/p>\n","protected":false},"excerpt":{"rendered":"<p>No primeiro dia de atividades do STF (Supremo Tribunal Federal) ap\u00f3s o retorno do recesso, o ministro Marco Aur\u00e9lio Mello liberou o Minist\u00e9rio P\u00fablico do&hellip; <\/p>\n","protected":false},"author":1,"featured_media":82862,"comment_status":"closed","ping_status":"closed","sticky":false,"template":"","format":"standard","meta":{"sfsi_plus_gutenberg_text_before_share":"","sfsi_plus_gutenberg_show_text_before_share":"","sfsi_plus_gutenberg_icon_type":"","sfsi_plus_gutenberg_icon_alignemt":"","sfsi_plus_gutenburg_max_per_row":"","footnotes":""},"categories":[11],"tags":[],"class_list":["post-82861","post","type-post","status-publish","format-standard","has-post-thumbnail","hentry","category-politica"],"_links":{"self":[{"href":"https:\/\/www.caririemacao.com\/1\/wp-json\/wp\/v2\/posts\/82861","targetHints":{"allow":["GET"]}}],"collection":[{"href":"https:\/\/www.caririemacao.com\/1\/wp-json\/wp\/v2\/posts"}],"about":[{"href":"https:\/\/www.caririemacao.com\/1\/wp-json\/wp\/v2\/types\/post"}],"author":[{"embeddable":true,"href":"https:\/\/www.caririemacao.com\/1\/wp-json\/wp\/v2\/users\/1"}],"replies":[{"embeddable":true,"href":"https:\/\/www.caririemacao.com\/1\/wp-json\/wp\/v2\/comments?post=82861"}],"version-history":[{"count":1,"href":"https:\/\/www.caririemacao.com\/1\/wp-json\/wp\/v2\/posts\/82861\/revisions"}],"predecessor-version":[{"id":82863,"href":"https:\/\/www.caririemacao.com\/1\/wp-json\/wp\/v2\/posts\/82861\/revisions\/82863"}],"wp:featuredmedia":[{"embeddable":true,"href":"https:\/\/www.caririemacao.com\/1\/wp-json\/wp\/v2\/media\/82862"}],"wp:attachment":[{"href":"https:\/\/www.caririemacao.com\/1\/wp-json\/wp\/v2\/media?parent=82861"}],"wp:term":[{"taxonomy":"category","embeddable":true,"href":"https:\/\/www.caririemacao.com\/1\/wp-json\/wp\/v2\/categories?post=82861"},{"taxonomy":"post_tag","embeddable":true,"href":"https:\/\/www.caririemacao.com\/1\/wp-json\/wp\/v2\/tags?post=82861"}],"curies":[{"name":"wp","href":"https:\/\/api.w.org\/{rel}","templated":true}]}}