{"id":82865,"date":"2019-02-01T11:39:53","date_gmt":"2019-02-01T14:39:53","guid":{"rendered":"http:\/\/www.caririemacao.com\/1\/?p=82865"},"modified":"2019-02-01T11:39:57","modified_gmt":"2019-02-01T14:39:57","slug":"petrobras-anuncia-reducao-de-1-no-preco-da-gasolina-nas-refinarias-a-partir-deste-sabado","status":"publish","type":"post","link":"https:\/\/www.caririemacao.com\/1\/2019\/02\/01\/petrobras-anuncia-reducao-de-1-no-preco-da-gasolina-nas-refinarias-a-partir-deste-sabado\/","title":{"rendered":"Petrobras anuncia redu\u00e7\u00e3o de 1% no pre\u00e7o da gasolina nas refinarias a partir deste s\u00e1bado"},"content":{"rendered":"\n<p>A Petrobras anunciou hoje (1\u00ba) uma redu\u00e7\u00e3o de 1% no pre\u00e7o da gasolina negociada em suas refinarias. A partir de amanh\u00e3 (2), o litro do combust\u00edvel ser\u00e1 vendido a R$ 1,4758 para as distribuidoras.<\/p>\n\n\n\n<p>O \u00faltimo an\u00fancio de queda no pre\u00e7o da gasolina havia sido feito no dia 30 de janeiro, quando o combust\u00edvel caiu de R$ 1,5104 para R$ 1,4907.<\/p>\n\n\n\n<p>J\u00e1 o pre\u00e7o do litro do \u00f3leo diesel foi mantido em R$ 2,0198, segundo a Petrobras.<\/p>\n","protected":false},"excerpt":{"rendered":"<p>A Petrobras anunciou hoje (1\u00ba) uma redu\u00e7\u00e3o de 1% no pre\u00e7o da gasolina negociada em suas refinarias. A partir de amanh\u00e3 (2), o litro do&hellip; <\/p>\n","protected":false},"author":1,"featured_media":82866,"comment_status":"closed","ping_status":"closed","sticky":false,"template":"","format":"standard","meta":{"sfsi_plus_gutenberg_text_before_share":"","sfsi_plus_gutenberg_show_text_before_share":"","sfsi_plus_gutenberg_icon_type":"","sfsi_plus_gutenberg_icon_alignemt":"","sfsi_plus_gutenburg_max_per_row":"","footnotes":""},"categories":[2],"tags":[],"class_list":["post-82865","post","type-post","status-publish","format-standard","has-post-thumbnail","hentry","category-geral"],"_links":{"self":[{"href":"https:\/\/www.caririemacao.com\/1\/wp-json\/wp\/v2\/posts\/82865","targetHints":{"allow":["GET"]}}],"collection":[{"href":"https:\/\/www.caririemacao.com\/1\/wp-json\/wp\/v2\/posts"}],"about":[{"href":"https:\/\/www.caririemacao.com\/1\/wp-json\/wp\/v2\/types\/post"}],"author":[{"embeddable":true,"href":"https:\/\/www.caririemacao.com\/1\/wp-json\/wp\/v2\/users\/1"}],"replies":[{"embeddable":true,"href":"https:\/\/www.caririemacao.com\/1\/wp-json\/wp\/v2\/comments?post=82865"}],"version-history":[{"count":1,"href":"https:\/\/www.caririemacao.com\/1\/wp-json\/wp\/v2\/posts\/82865\/revisions"}],"predecessor-version":[{"id":82867,"href":"https:\/\/www.caririemacao.com\/1\/wp-json\/wp\/v2\/posts\/82865\/revisions\/82867"}],"wp:featuredmedia":[{"embeddable":true,"href":"https:\/\/www.caririemacao.com\/1\/wp-json\/wp\/v2\/media\/82866"}],"wp:attachment":[{"href":"https:\/\/www.caririemacao.com\/1\/wp-json\/wp\/v2\/media?parent=82865"}],"wp:term":[{"taxonomy":"category","embeddable":true,"href":"https:\/\/www.caririemacao.com\/1\/wp-json\/wp\/v2\/categories?post=82865"},{"taxonomy":"post_tag","embeddable":true,"href":"https:\/\/www.caririemacao.com\/1\/wp-json\/wp\/v2\/tags?post=82865"}],"curies":[{"name":"wp","href":"https:\/\/api.w.org\/{rel}","templated":true}]}}