{"id":82873,"date":"2019-02-01T11:42:07","date_gmt":"2019-02-01T14:42:07","guid":{"rendered":"http:\/\/www.caririemacao.com\/1\/?p=82873"},"modified":"2019-02-01T11:42:10","modified_gmt":"2019-02-01T14:42:10","slug":"joao-azevedo-nao-comparece-a-eleicao-da-alpb","status":"publish","type":"post","link":"https:\/\/www.caririemacao.com\/1\/2019\/02\/01\/joao-azevedo-nao-comparece-a-eleicao-da-alpb\/","title":{"rendered":"Jo\u00e3o Azev\u00eado n\u00e3o comparece \u00e0 elei\u00e7\u00e3o da ALPB"},"content":{"rendered":"\n<p><br>O atual governador Jo\u00e3o Azev\u00eado n\u00e3o compareceu \u00e0 elei\u00e7\u00e3o da Mesa Diretora da Assembleia Legislativa da Para\u00edba, nesta sexta-feira, 1. Representando o governador esteve presente o chefe do Gabinete Civil, o secret\u00e1rio Nonato Bandeira.<\/p>\n\n\n\n<figure class=\"wp-block-image\"><img decoding=\"async\" data-src=\"https:\/\/paraibaonline.com.br\/wp-content\/uploads\/2019\/02\/alpb0102.jpg\" alt=\"\" class=\"wp-image-571736 lazyload\" src=\"data:image\/svg+xml;base64,PHN2ZyB3aWR0aD0iMSIgaGVpZ2h0PSIxIiB4bWxucz0iaHR0cDovL3d3dy53My5vcmcvMjAwMC9zdmciPjwvc3ZnPg==\" \/><\/figure>\n\n\n\n<p>Foto: Paraibaonline<\/p>\n\n\n\n<p>A condu\u00e7\u00e3o dos trabalhos foi feita pelo candidato \u00e0 presid\u00eancia no 1\u00ba bi\u00eanio, Adriano Galdino, visto que foi o \u00faltimo presidente da ALPB, respeitando o Regimento Interno da Casa de Epit\u00e1cio Pessoa.<\/p>\n","protected":false},"excerpt":{"rendered":"<p>O atual governador Jo\u00e3o Azev\u00eado n\u00e3o compareceu \u00e0 elei\u00e7\u00e3o da Mesa Diretora da Assembleia Legislativa da Para\u00edba, nesta sexta-feira, 1. Representando o governador esteve presente&hellip; <\/p>\n","protected":false},"author":1,"featured_media":82874,"comment_status":"closed","ping_status":"closed","sticky":false,"template":"","format":"standard","meta":{"sfsi_plus_gutenberg_text_before_share":"","sfsi_plus_gutenberg_show_text_before_share":"","sfsi_plus_gutenberg_icon_type":"","sfsi_plus_gutenberg_icon_alignemt":"","sfsi_plus_gutenburg_max_per_row":"","footnotes":""},"categories":[11],"tags":[],"class_list":["post-82873","post","type-post","status-publish","format-standard","has-post-thumbnail","hentry","category-politica"],"_links":{"self":[{"href":"https:\/\/www.caririemacao.com\/1\/wp-json\/wp\/v2\/posts\/82873","targetHints":{"allow":["GET"]}}],"collection":[{"href":"https:\/\/www.caririemacao.com\/1\/wp-json\/wp\/v2\/posts"}],"about":[{"href":"https:\/\/www.caririemacao.com\/1\/wp-json\/wp\/v2\/types\/post"}],"author":[{"embeddable":true,"href":"https:\/\/www.caririemacao.com\/1\/wp-json\/wp\/v2\/users\/1"}],"replies":[{"embeddable":true,"href":"https:\/\/www.caririemacao.com\/1\/wp-json\/wp\/v2\/comments?post=82873"}],"version-history":[{"count":1,"href":"https:\/\/www.caririemacao.com\/1\/wp-json\/wp\/v2\/posts\/82873\/revisions"}],"predecessor-version":[{"id":82875,"href":"https:\/\/www.caririemacao.com\/1\/wp-json\/wp\/v2\/posts\/82873\/revisions\/82875"}],"wp:featuredmedia":[{"embeddable":true,"href":"https:\/\/www.caririemacao.com\/1\/wp-json\/wp\/v2\/media\/82874"}],"wp:attachment":[{"href":"https:\/\/www.caririemacao.com\/1\/wp-json\/wp\/v2\/media?parent=82873"}],"wp:term":[{"taxonomy":"category","embeddable":true,"href":"https:\/\/www.caririemacao.com\/1\/wp-json\/wp\/v2\/categories?post=82873"},{"taxonomy":"post_tag","embeddable":true,"href":"https:\/\/www.caririemacao.com\/1\/wp-json\/wp\/v2\/tags?post=82873"}],"curies":[{"name":"wp","href":"https:\/\/api.w.org\/{rel}","templated":true}]}}