{"id":82881,"date":"2019-02-01T11:51:06","date_gmt":"2019-02-01T14:51:06","guid":{"rendered":"http:\/\/www.caririemacao.com\/1\/?p=82881"},"modified":"2019-02-01T11:51:10","modified_gmt":"2019-02-01T14:51:10","slug":"toffoli-defende-pacto-entre-os-poderes-para-aprovacao-de-reformas","status":"publish","type":"post","link":"https:\/\/www.caririemacao.com\/1\/2019\/02\/01\/toffoli-defende-pacto-entre-os-poderes-para-aprovacao-de-reformas\/","title":{"rendered":"Toffoli defende pacto entre os poderes para aprova\u00e7\u00e3o de reformas"},"content":{"rendered":"\n<p>O presidente do Supremo Tribunal Federal (STF), ministro Dias Toffoli, defendeu hoje (1\u00ba) um pacto entre os tr\u00eas poderes para aprova\u00e7\u00e3o das reformas da Previd\u00eancia, fiscal e tribut\u00e1ria. Segundo Toffoli, os poderes Executivo, Legislativo e Judici\u00e1rio devem se unir para retomar o desenvolvimento do pais.<\/p>\n\n\n\n<p>O discurso do ministro foi proferido na cerim\u00f4nia de instala\u00e7\u00e3o do Ano Judici\u00e1rio, evento que abre os trabalhos no Supremo ap\u00f3s o per\u00edodo de 40 dias de recesso. &nbsp;<\/p>\n\n\n\n<p>Para Toffoli, a retomada do desenvolvimento objetiva o bem-estar&nbsp;da popula\u00e7\u00e3o e a redu\u00e7\u00e3o das desigualdades.&nbsp;&#8220;Esse pacto envolve reformas fundamentais, como a previdenci\u00e1ria, fiscal e tribut\u00e1ria, e abrange,&nbsp;necessariamente, uma repactua\u00e7\u00e3o federativa, evitando que estados e munic\u00edpios cheguem a um quadro&nbsp;insustent\u00e1vel de inadimpl\u00eancia&#8221;, disse.&nbsp;<\/p>\n\n\n\n<p>O presidente do STF tamb\u00e9m defendeu a atua\u00e7\u00e3o dos ju\u00edzes de todo o pa\u00eds e afirmou que ataques sofridos por magistrados em raz\u00e3o de discord\u00e2ncias de suas decis\u00f5es ferem a democracia.&nbsp;<\/p>\n\n\n\n<p>&#8220;O debate cr\u00edtico \u00e9 pr\u00f3prio das democracias. Pode-se concordar ou discordar de uma decis\u00e3o judicial.&nbsp;J\u00e1 afrontar, agredir e agravar o Judici\u00e1rio e seus ju\u00edzes \u00e9 atacar a democracia, \u00e9 incentivar a conflitualidade social, \u00e9 aniquilar a seguran\u00e7a jur\u00eddica&#8221;, afirmou.&nbsp;<\/p>\n\n\n\n<p>Toffoli tamb\u00e9m voltou a expressar condol\u00eancias aos parentes de v\u00edtimas do rompimento da barragem em&nbsp;Brumadinho (MG) e reconheceu que a Justi\u00e7a deve ser mais r\u00e1pida para julgar casos envolvendo trag\u00e9dias. &nbsp;<\/p>\n\n\n\n<p>&#8220;A Na\u00e7\u00e3o brasileira espera rigor e celeridade das autoridades competentes na apura\u00e7\u00e3o das&nbsp;responsabilidades, para que se realize efetiva justi\u00e7a&#8221;, disse.&nbsp;<\/p>\n\n\n\n<p>Al\u00e9m de autoridades do Judici\u00e1rio, participaram da cerim\u00f4nia o vice-presidente, Hamilton Mour\u00e3o, e o ministro da Justi\u00e7a, Sergio Moro.<\/p>\n","protected":false},"excerpt":{"rendered":"<p>O presidente do Supremo Tribunal Federal (STF), ministro Dias Toffoli, defendeu hoje (1\u00ba) um pacto entre os tr\u00eas poderes para aprova\u00e7\u00e3o das reformas da Previd\u00eancia,&hellip; <\/p>\n","protected":false},"author":1,"featured_media":82882,"comment_status":"closed","ping_status":"closed","sticky":false,"template":"","format":"standard","meta":{"sfsi_plus_gutenberg_text_before_share":"","sfsi_plus_gutenberg_show_text_before_share":"","sfsi_plus_gutenberg_icon_type":"","sfsi_plus_gutenberg_icon_alignemt":"","sfsi_plus_gutenburg_max_per_row":"","footnotes":""},"categories":[11],"tags":[],"class_list":["post-82881","post","type-post","status-publish","format-standard","has-post-thumbnail","hentry","category-politica"],"_links":{"self":[{"href":"https:\/\/www.caririemacao.com\/1\/wp-json\/wp\/v2\/posts\/82881","targetHints":{"allow":["GET"]}}],"collection":[{"href":"https:\/\/www.caririemacao.com\/1\/wp-json\/wp\/v2\/posts"}],"about":[{"href":"https:\/\/www.caririemacao.com\/1\/wp-json\/wp\/v2\/types\/post"}],"author":[{"embeddable":true,"href":"https:\/\/www.caririemacao.com\/1\/wp-json\/wp\/v2\/users\/1"}],"replies":[{"embeddable":true,"href":"https:\/\/www.caririemacao.com\/1\/wp-json\/wp\/v2\/comments?post=82881"}],"version-history":[{"count":1,"href":"https:\/\/www.caririemacao.com\/1\/wp-json\/wp\/v2\/posts\/82881\/revisions"}],"predecessor-version":[{"id":82883,"href":"https:\/\/www.caririemacao.com\/1\/wp-json\/wp\/v2\/posts\/82881\/revisions\/82883"}],"wp:featuredmedia":[{"embeddable":true,"href":"https:\/\/www.caririemacao.com\/1\/wp-json\/wp\/v2\/media\/82882"}],"wp:attachment":[{"href":"https:\/\/www.caririemacao.com\/1\/wp-json\/wp\/v2\/media?parent=82881"}],"wp:term":[{"taxonomy":"category","embeddable":true,"href":"https:\/\/www.caririemacao.com\/1\/wp-json\/wp\/v2\/categories?post=82881"},{"taxonomy":"post_tag","embeddable":true,"href":"https:\/\/www.caririemacao.com\/1\/wp-json\/wp\/v2\/tags?post=82881"}],"curies":[{"name":"wp","href":"https:\/\/api.w.org\/{rel}","templated":true}]}}