{"id":82884,"date":"2019-02-01T12:04:52","date_gmt":"2019-02-01T15:04:52","guid":{"rendered":"http:\/\/www.caririemacao.com\/1\/?p=82884"},"modified":"2019-02-01T12:04:55","modified_gmt":"2019-02-01T15:04:55","slug":"urgente-homem-comete-suicidio-por-enforcamento-na-cidade-de-serra-branca","status":"publish","type":"post","link":"https:\/\/www.caririemacao.com\/1\/2019\/02\/01\/urgente-homem-comete-suicidio-por-enforcamento-na-cidade-de-serra-branca\/","title":{"rendered":"Urgente: Homem comete suic\u00eddio por enforcamento na cidade de Serra Branca"},"content":{"rendered":"\n<p>Mais uma trag\u00e9dia acontece no cariri paraibano e entristece toda uma fam\u00edlia no munic\u00edpio de Serra Branca. Foi encontrado na manh\u00e3 desta sexta-feira, dia 01 de fevereiro, na Rua Enedina Pereira Gai\u00e3o no Bairro do Odonz\u00e3o, o corpo de Jos\u00e9 Ronaldo Nunes de Sousa, de 52 anos.<\/p>\n\n\n\n<p>Ronaldo cometeu suic\u00eddio por enforcamento em sua resid\u00eancia provavelmente na noite desta quinta-feira. Informa\u00e7\u00f5es apuradas pela nossa equipe de jornalismo, Ronaldo morava sozinho, mas durante o dia sempre ia para casa da sua filha no bairro do Pil\u00e3o. Nesta quinta(31), Ronaldo foi embora durante a tarde deixando a sua moto na casa da filha.<\/p>\n\n\n\n<p>Notando a aus\u00eancia do Pai na manh\u00e3 desta sexta-feira, a filha Rafaela Nunes, foi ent\u00e3o na casa do pai no bairro Odonz\u00e3o, ao ver que a porta estava fechada, Rafaela resolveu ent\u00e3o, chamar um vizinho para arrombar a porta, mas quando ao olhar pela fechadura da porta, viu a triste cena do pai enforcado na sala da casa.<\/p>\n\n\n\n<div class=\"wp-block-image\"><figure class=\"aligncenter\"><img decoding=\"async\" data-src=\"http:\/\/deolhonocariri.com.br\/wp-content\/uploads\/2019\/02\/51184402_318982782058148_7445873987176890368_n.jpg\" alt=\"\" class=\"wp-image-62409 lazyload\" src=\"data:image\/svg+xml;base64,PHN2ZyB3aWR0aD0iMSIgaGVpZ2h0PSIxIiB4bWxucz0iaHR0cDovL3d3dy53My5vcmcvMjAwMC9zdmciPjwvc3ZnPg==\" \/><\/figure><\/div>\n\n\n\n<p>Ronaldo Nunes j\u00e1 havia recentemente desaparecido e a fam\u00edlia estava com medo de que ele tivesse se afogado em alguma barragem, mas apareceu dois dias depois. A pol\u00edcia militar de Serra Branca aguarda a chegada do IML para remo\u00e7\u00e3o do corpo.<\/p>\n\n\n\n<p><strong>De Olho no Cariri<\/strong><\/p>\n","protected":false},"excerpt":{"rendered":"<p>Mais uma trag\u00e9dia acontece no cariri paraibano e entristece toda uma fam\u00edlia no munic\u00edpio de Serra Branca. Foi encontrado na manh\u00e3 desta sexta-feira, dia 01&hellip; <\/p>\n","protected":false},"author":1,"featured_media":25619,"comment_status":"closed","ping_status":"closed","sticky":false,"template":"","format":"standard","meta":{"sfsi_plus_gutenberg_text_before_share":"","sfsi_plus_gutenberg_show_text_before_share":"","sfsi_plus_gutenberg_icon_type":"","sfsi_plus_gutenberg_icon_alignemt":"","sfsi_plus_gutenburg_max_per_row":"","footnotes":""},"categories":[50,12],"tags":[],"class_list":["post-82884","post","type-post","status-publish","format-standard","has-post-thumbnail","hentry","category-destaque","category-policia"],"_links":{"self":[{"href":"https:\/\/www.caririemacao.com\/1\/wp-json\/wp\/v2\/posts\/82884","targetHints":{"allow":["GET"]}}],"collection":[{"href":"https:\/\/www.caririemacao.com\/1\/wp-json\/wp\/v2\/posts"}],"about":[{"href":"https:\/\/www.caririemacao.com\/1\/wp-json\/wp\/v2\/types\/post"}],"author":[{"embeddable":true,"href":"https:\/\/www.caririemacao.com\/1\/wp-json\/wp\/v2\/users\/1"}],"replies":[{"embeddable":true,"href":"https:\/\/www.caririemacao.com\/1\/wp-json\/wp\/v2\/comments?post=82884"}],"version-history":[{"count":1,"href":"https:\/\/www.caririemacao.com\/1\/wp-json\/wp\/v2\/posts\/82884\/revisions"}],"predecessor-version":[{"id":82885,"href":"https:\/\/www.caririemacao.com\/1\/wp-json\/wp\/v2\/posts\/82884\/revisions\/82885"}],"wp:featuredmedia":[{"embeddable":true,"href":"https:\/\/www.caririemacao.com\/1\/wp-json\/wp\/v2\/media\/25619"}],"wp:attachment":[{"href":"https:\/\/www.caririemacao.com\/1\/wp-json\/wp\/v2\/media?parent=82884"}],"wp:term":[{"taxonomy":"category","embeddable":true,"href":"https:\/\/www.caririemacao.com\/1\/wp-json\/wp\/v2\/categories?post=82884"},{"taxonomy":"post_tag","embeddable":true,"href":"https:\/\/www.caririemacao.com\/1\/wp-json\/wp\/v2\/tags?post=82884"}],"curies":[{"name":"wp","href":"https:\/\/api.w.org\/{rel}","templated":true}]}}