{"id":82886,"date":"2019-02-01T12:08:14","date_gmt":"2019-02-01T15:08:14","guid":{"rendered":"http:\/\/www.caririemacao.com\/1\/?p=82886"},"modified":"2019-02-01T12:08:18","modified_gmt":"2019-02-01T15:08:18","slug":"em-chapa-unica-galdino-e-eleito-por-unanimidade-presidente-da-alpb","status":"publish","type":"post","link":"https:\/\/www.caririemacao.com\/1\/2019\/02\/01\/em-chapa-unica-galdino-e-eleito-por-unanimidade-presidente-da-alpb\/","title":{"rendered":"Em chapa \u00fanica, Galdino \u00e9 eleito por unanimidade, presidente da ALPB"},"content":{"rendered":"\n<p>O deputado estadual Adriano Galdino (PSB) foi eleito por unanimidade na manh\u00e3 desta sexta-feira (01) o presidente da Assembleia Legislativa da Para\u00edba (ALPB) para o primeiro bi\u00eanio.<\/p>\n\n\n\n<p>Nos bastidores, j\u00e1 se existia a a confirm\u00e7a\u00f5 de que o parlamentar seria eleito com larga folga, mas ele mesmo havia declarado recentemente que contava que ao menos um deputado votasse branco ou nulo.<\/p>\n\n\n\n<p>A elei\u00e7\u00e3o para o bi\u00eanio aconteceu de forma tranquila principalmente porque Adriano conseguiu reunir, em torno do seu projeto, deputados da situa\u00e7\u00e3o e oposi\u00e7\u00e3o, construindo desta forma uma chapa ecl\u00e9tica.<\/p>\n\n\n\n<p>Veja os componentes da Mesa:<\/p>\n\n\n\n<p>Presidente: Adriano Galdino<\/p>\n\n\n\n<p>Vice-presidente: Genival Matias<\/p>\n\n\n\n<p>2\u00ba Vice-presidente: Camila Toscano<\/p>\n\n\n\n<p>3\u00ba vice-presidente: Walber Virgolino<\/p>\n\n\n\n<p>1\u00ba secret\u00e1rio: Nabor Wanderley<\/p>\n\n\n\n<p>2\u00ba secret\u00e1rio: Bosco Carneiro<\/p>\n\n\n\n<p>3\u00ba secret\u00e1rio: Edmilson Soares<\/p>\n\n\n\n<p>1\u00ba suplente: Moacir Rodrigues<\/p>\n\n\n\n<p>2\u00ba suplente: Galego Souza<\/p>\n\n\n\n<p><strong><em>Foto: Assessoria ALPB<\/em><\/strong><\/p>\n\n\n\n<p><strong><em>PB Agora<\/em><\/strong><\/p>\n","protected":false},"excerpt":{"rendered":"<p>O deputado estadual Adriano Galdino (PSB) foi eleito por unanimidade na manh\u00e3 desta sexta-feira (01) o presidente da Assembleia Legislativa da Para\u00edba (ALPB) para o&hellip; <\/p>\n","protected":false},"author":1,"featured_media":82887,"comment_status":"closed","ping_status":"closed","sticky":false,"template":"","format":"standard","meta":{"sfsi_plus_gutenberg_text_before_share":"","sfsi_plus_gutenberg_show_text_before_share":"","sfsi_plus_gutenberg_icon_type":"","sfsi_plus_gutenberg_icon_alignemt":"","sfsi_plus_gutenburg_max_per_row":"","footnotes":""},"categories":[11],"tags":[],"class_list":["post-82886","post","type-post","status-publish","format-standard","has-post-thumbnail","hentry","category-politica"],"_links":{"self":[{"href":"https:\/\/www.caririemacao.com\/1\/wp-json\/wp\/v2\/posts\/82886","targetHints":{"allow":["GET"]}}],"collection":[{"href":"https:\/\/www.caririemacao.com\/1\/wp-json\/wp\/v2\/posts"}],"about":[{"href":"https:\/\/www.caririemacao.com\/1\/wp-json\/wp\/v2\/types\/post"}],"author":[{"embeddable":true,"href":"https:\/\/www.caririemacao.com\/1\/wp-json\/wp\/v2\/users\/1"}],"replies":[{"embeddable":true,"href":"https:\/\/www.caririemacao.com\/1\/wp-json\/wp\/v2\/comments?post=82886"}],"version-history":[{"count":1,"href":"https:\/\/www.caririemacao.com\/1\/wp-json\/wp\/v2\/posts\/82886\/revisions"}],"predecessor-version":[{"id":82888,"href":"https:\/\/www.caririemacao.com\/1\/wp-json\/wp\/v2\/posts\/82886\/revisions\/82888"}],"wp:featuredmedia":[{"embeddable":true,"href":"https:\/\/www.caririemacao.com\/1\/wp-json\/wp\/v2\/media\/82887"}],"wp:attachment":[{"href":"https:\/\/www.caririemacao.com\/1\/wp-json\/wp\/v2\/media?parent=82886"}],"wp:term":[{"taxonomy":"category","embeddable":true,"href":"https:\/\/www.caririemacao.com\/1\/wp-json\/wp\/v2\/categories?post=82886"},{"taxonomy":"post_tag","embeddable":true,"href":"https:\/\/www.caririemacao.com\/1\/wp-json\/wp\/v2\/tags?post=82886"}],"curies":[{"name":"wp","href":"https:\/\/api.w.org\/{rel}","templated":true}]}}