{"id":82889,"date":"2019-02-01T12:09:49","date_gmt":"2019-02-01T15:09:49","guid":{"rendered":"http:\/\/www.caririemacao.com\/1\/?p=82889"},"modified":"2019-02-01T12:09:53","modified_gmt":"2019-02-01T15:09:53","slug":"aprovados-no-sisu-para-vagas-na-ufcg-devem-realizar-cadastramento","status":"publish","type":"post","link":"https:\/\/www.caririemacao.com\/1\/2019\/02\/01\/aprovados-no-sisu-para-vagas-na-ufcg-devem-realizar-cadastramento\/","title":{"rendered":"Aprovados no SiSU para vagas na UFCG devem realizar cadastramento"},"content":{"rendered":"\n<p>Os candidatos convocados na chamada \u00fanica (regular) do Sistema de Sele\u00e7\u00e3o Unificada (SiSU)&nbsp;2019, divulgada na \u00faltima segunda-feira, dia 28, para as vagas da Universidade Federal de Campina Grande (UFCG), devem ficar atentos aos&nbsp;prazo para o cadastramento.<\/p>\n\n\n\n<p>O cadastramento&nbsp;dos candidatos classificados nos cursos da Universidade Federal de Campina Grande (UFCG)&nbsp;acontece&nbsp;nos dias&nbsp;30 e 31 de janeiro e 1 e 4 de fevereiro, na coordena\u00e7\u00e3o do curso para o qual o candidato foi classificado.<\/p>\n\n\n\n<p>Os candidatos n\u00e3o classificados na chamada regular e que desejam participar da lista de espera devem manifestar o interesse no site do SiSU at\u00e9 o dia 4 de fevereiro. As convoca\u00e7\u00f5es (chamadas) dos candidatos em lista de espera, na UFCG, come\u00e7am no dia 7 de fevereiro. Al\u00e9m desta, est\u00e3o previstas outras quatro chamadas (12\/02, 18\/02, 22\/02 e 07\/03),&nbsp;de acordo com disponibilidade de vagas.<\/p>\n\n\n\n<p>A UFCG&nbsp;ofertou&nbsp;3.160 vagas, sendo 1.568 vagas de ampla concorr\u00eancia e 1.592 reservadas pela lei de cotas, distribu\u00eddas&nbsp;em&nbsp;76 cursos nos seus sete campi: Campina Grande, Cajazeiras, Cuit\u00e9, Patos, Pombal, Sousa e Sum\u00e9.&nbsp;Deste total, foram ocupadas 2.971 vagas, das quais 52,8% de ampla concorr\u00eancia e 47,2% reservadas para cotas.<\/p>\n\n\n\n<p>Outras informa\u00e7\u00f5es, como documenta\u00e7\u00e3o necess\u00e1ria para o cadastramento e o cronograma completo podem ser consultados no&nbsp;edital.<\/p>\n\n\n\n<p><strong><em>PB Agora com Ascom<\/em><\/strong><\/p>\n","protected":false},"excerpt":{"rendered":"<p>Os candidatos convocados na chamada \u00fanica (regular) do Sistema de Sele\u00e7\u00e3o Unificada (SiSU)&nbsp;2019, divulgada na \u00faltima segunda-feira, dia 28, para as vagas da Universidade Federal&hellip; <\/p>\n","protected":false},"author":1,"featured_media":45404,"comment_status":"closed","ping_status":"closed","sticky":false,"template":"","format":"standard","meta":{"sfsi_plus_gutenberg_text_before_share":"","sfsi_plus_gutenberg_show_text_before_share":"","sfsi_plus_gutenberg_icon_type":"","sfsi_plus_gutenberg_icon_alignemt":"","sfsi_plus_gutenburg_max_per_row":"","footnotes":""},"categories":[14],"tags":[],"class_list":["post-82889","post","type-post","status-publish","format-standard","has-post-thumbnail","hentry","category-educacao"],"_links":{"self":[{"href":"https:\/\/www.caririemacao.com\/1\/wp-json\/wp\/v2\/posts\/82889","targetHints":{"allow":["GET"]}}],"collection":[{"href":"https:\/\/www.caririemacao.com\/1\/wp-json\/wp\/v2\/posts"}],"about":[{"href":"https:\/\/www.caririemacao.com\/1\/wp-json\/wp\/v2\/types\/post"}],"author":[{"embeddable":true,"href":"https:\/\/www.caririemacao.com\/1\/wp-json\/wp\/v2\/users\/1"}],"replies":[{"embeddable":true,"href":"https:\/\/www.caririemacao.com\/1\/wp-json\/wp\/v2\/comments?post=82889"}],"version-history":[{"count":1,"href":"https:\/\/www.caririemacao.com\/1\/wp-json\/wp\/v2\/posts\/82889\/revisions"}],"predecessor-version":[{"id":82890,"href":"https:\/\/www.caririemacao.com\/1\/wp-json\/wp\/v2\/posts\/82889\/revisions\/82890"}],"wp:featuredmedia":[{"embeddable":true,"href":"https:\/\/www.caririemacao.com\/1\/wp-json\/wp\/v2\/media\/45404"}],"wp:attachment":[{"href":"https:\/\/www.caririemacao.com\/1\/wp-json\/wp\/v2\/media?parent=82889"}],"wp:term":[{"taxonomy":"category","embeddable":true,"href":"https:\/\/www.caririemacao.com\/1\/wp-json\/wp\/v2\/categories?post=82889"},{"taxonomy":"post_tag","embeddable":true,"href":"https:\/\/www.caririemacao.com\/1\/wp-json\/wp\/v2\/tags?post=82889"}],"curies":[{"name":"wp","href":"https:\/\/api.w.org\/{rel}","templated":true}]}}